{"id":788,"date":"2015-12-14T22:11:02","date_gmt":"2015-12-14T21:11:02","guid":{"rendered":"http:\/\/blogs.hoy.es\/migas-canas\/?p=788"},"modified":"2015-12-14T22:11:02","modified_gmt":"2015-12-14T21:11:02","slug":"perros-sueltos","status":"publish","type":"post","link":"https:\/\/blogs.hoy.es\/migas-canas\/2015\/12\/14\/perros-sueltos\/","title":{"rendered":"PERROS SUELTOS"},"content":{"rendered":"<p><a href=\"\/migas-canas\/wp-content\/uploads\/sites\/8\/2015\/12\/5842f5a3-6d07-446c-b1c0-66ba2c5ee031.jpe\"><img loading=\"lazy\" class=\"aligncenter size-thumbnail wp-image-789\" title=\"5842f5a3-6d07-446c-b1c0-66ba2c5ee031\" src=\"\/migas-canas\/wp-content\/uploads\/sites\/8\/2015\/12\/5842f5a3-6d07-446c-b1c0-66ba2c5ee031.jpg\" alt=\"\" width=\"150\" height=\"150\" \/><\/a><strong>Caminaba solo por la acera de la Avenida Juan Sebasti\u00e1n Elcano, con los andares pausados de los pastores alemanes<\/strong>. Llevaba la cabeza baja. Su baba ca\u00eda al suelo desliz\u00e1ndose por sus enormes colmillos. Baj\u00e9 de la acera cuando me cruc\u00e9 con \u00e9l. Unos metros m\u00e1s atr\u00e1s, con la correa en la mano, su due\u00f1o me sonri\u00f3. <strong>\u201cNo hace nada<\/strong>\u201d. me dijo. En realidad quer\u00eda decir, eres un cobarde que te asustas de un perro. No hace nada dijo con la rotundidad de la ignorancia, como si pudiera controlar la improvisada reacci\u00f3n del instinto animal. No hace nada excepto ir asustando a hombres, mujeres, ancianos y ni\u00f1os. <strong>Su due\u00f1o, con la correa en la mano, repet\u00eda con chuler\u00eda \u201cno hace nada\u201d<\/strong> ante la cara de pavor de los <a href=\"\/migas-canas\/wp-content\/uploads\/sites\/8\/2015\/12\/DSCN1601.jpg\"><img loading=\"lazy\" class=\"alignright size-thumbnail wp-image-790\" title=\"DSCN1601\" src=\"\/migas-canas\/wp-content\/uploads\/sites\/8\/2015\/12\/DSCN1601.jpg\" alt=\"\" width=\"150\" height=\"150\" \/><\/a>peatones.<\/p>\n<p><strong>\u201cNo hace nada\u201d, \u201csolo quiere jugar\u201d. \u201c\u00bfQuieres que lo ate?\u201d, me pregunt\u00f3, ri\u00e9ndose, una se\u00f1ora cuando vio la cara de terror de mi hija de tres a\u00f1os,que sali\u00f3 corriendo a refugiarse entre mis brazos cuando jugaba en del parque de la calle Alconchel,<\/strong> \u201c\u00bfQuieres que lo ate?\u201d No soy yo quien tiene que responder. \u00bfAcaso no tiene la obligaci\u00f3n a esas horas de llevarlo atado?<\/p>\n<p>Voy en bicicleta por el nuevo paseo del r\u00edo cuando un perro suelto se cruza en mi camino. Doy un frenazo, estoy a punto de caer. Unos pasos por delante,<strong> el due\u00f1o, con la correa en la mano,camina y habla de f\u00fatbol con otros,<\/strong> ni siquiera se <a href=\"\/migas-canas\/wp-content\/uploads\/sites\/8\/2015\/12\/DSCN0602-21.jpg\"><img loading=\"lazy\" class=\"alignleft size-thumbnail wp-image-792\" title=\"DSCN0602 (2)\" src=\"\/migas-canas\/wp-content\/uploads\/sites\/8\/2015\/12\/DSCN0602-21.jpg\" alt=\"\" width=\"150\" height=\"150\" \/><\/a>da cuenta del percance. <strong>El perro, suelto, corre por la tierra, por el c\u00e9sped&#8230; va sin control deambulando entre las personas que a esa hora frecuentan el paseo<\/strong>. Su due\u00f1o mira hacia atr\u00e1s. Lo ve y sigue su apasionada conversaci\u00f3n y su marcha.<\/p>\n<p>Me gustan los perros. Tuve perro cuando viv\u00ed en el campo, pero creo que <strong>lo peor de los perros es que no pueden elegir a sus due\u00f1os.<\/strong><\/p>\n<p>&nbsp;<\/p>\n<p>&nbsp;<\/p>\n<!-- AddThis Advanced Settings generic via filter on the_content --><!-- AddThis Share Buttons generic via filter on the_content -->","protected":false},"excerpt":{"rendered":"<p>Caminaba solo por la acera de la Avenida Juan Sebasti\u00e1n Elcano, con los andares pausados de los pastores alemanes. Llevaba la cabeza baja. Su baba ca\u00eda al suelo desliz\u00e1ndose por sus enormes colmillos. Baj\u00e9 de la acera cuando me cruc\u00e9 con \u00e9l. Unos metros m\u00e1s atr\u00e1s, con la correa en la mano, su due\u00f1o me [&hellip;]<!-- AddThis Advanced Settings generic via filter on get_the_excerpt --><!-- AddThis Share Buttons generic via filter on get_the_excerpt --><\/p>\n","protected":false},"author":11,"featured_media":0,"comment_status":"open","ping_status":"closed","sticky":false,"template":"","format":"standard","meta":[],"categories":[2],"tags":[85,187,811,839],"_links":{"self":[{"href":"https:\/\/blogs.hoy.es\/migas-canas\/wp-json\/wp\/v2\/posts\/788"}],"collection":[{"href":"https:\/\/blogs.hoy.es\/migas-canas\/wp-json\/wp\/v2\/posts"}],"about":[{"href":"https:\/\/blogs.hoy.es\/migas-canas\/wp-json\/wp\/v2\/types\/post"}],"author":[{"embeddable":true,"href":"https:\/\/blogs.hoy.es\/migas-canas\/wp-json\/wp\/v2\/users\/11"}],"replies":[{"embeddable":true,"href":"https:\/\/blogs.hoy.es\/migas-canas\/wp-json\/wp\/v2\/comments?post=788"}],"version-history":[{"count":0,"href":"https:\/\/blogs.hoy.es\/migas-canas\/wp-json\/wp\/v2\/posts\/788\/revisions"}],"wp:attachment":[{"href":"https:\/\/blogs.hoy.es\/migas-canas\/wp-json\/wp\/v2\/media?parent=788"}],"wp:term":[{"taxonomy":"category","embeddable":true,"href":"https:\/\/blogs.hoy.es\/migas-canas\/wp-json\/wp\/v2\/categories?post=788"},{"taxonomy":"post_tag","embeddable":true,"href":"https:\/\/blogs.hoy.es\/migas-canas\/wp-json\/wp\/v2\/tags?post=788"}],"curies":[{"name":"wp","href":"https:\/\/api.w.org\/{rel}","templated":true}]}}