{"id":80,"date":"2011-11-03T15:45:33","date_gmt":"2011-11-03T14:45:33","guid":{"rendered":"http:\/\/blogs.hoy.es\/migas-canas\/?p=80"},"modified":"2011-11-03T15:45:33","modified_gmt":"2011-11-03T14:45:33","slug":"otono","status":"publish","type":"post","link":"https:\/\/blogs.hoy.es\/migas-canas\/2011\/11\/03\/otono\/","title":{"rendered":"OTO\u00d1O"},"content":{"rendered":"<p>Los cementerios se llenan de vivos.Las tardes de  bu\u00f1uelos. Los campos de casta\u00f1as, las noches de brujas. Comienza en este oto\u00f1o otro noviembre que para cinco millones de espa\u00f1oles  ser\u00e1 un duro invierno. El desempleo aumenta como una epidemia.<br \/>\nVeremos como la parte superior de las farolas, las m\u00e1s iluminadas,  se llenaran de carteles presentando a candidatos que tendr\u00e1n como prioridad el empleo. En la inferior,con folios  escrito a mano y un trazo desesperado, licenciados e iletrados se anuncian para limpiar casas cuidar ni\u00f1os o acompa\u00f1ar  enfermos.<br \/>\nEste oto\u00f1o, en Badajoz, comenzar\u00e1  alguna obra, ser\u00e1 el inicio de la campa\u00f1a electoral. No hay campa\u00f1a sin obra ni obra sin candidato.Nosotros,los extreme\u00f1os,  tendremos que conformarnos con alg\u00fan paso de peatones o un arreglo de acera porque el tren lo volvimos a perder. Blanco nos lo quito para pavonear su cara de avispa venenosa por los atriles del norte buscando el cari\u00f1o de los suyos,los m\u00e1s rico.y llevar con \u00e9l el orgullo de seguir  aumentando la distancia entre norte y sur.<\/p>\n<!-- AddThis Advanced Settings generic via filter on the_content --><!-- AddThis Share Buttons generic via filter on the_content -->","protected":false},"excerpt":{"rendered":"<p>Los cementerios se llenan de vivos.Las tardes de bu\u00f1uelos. Los campos de casta\u00f1as, las noches de brujas. Comienza en este oto\u00f1o otro noviembre que para cinco millones de espa\u00f1oles ser\u00e1 un duro invierno. El desempleo aumenta como una epidemia. Veremos como la parte superior de las farolas, las m\u00e1s iluminadas, se llenaran de carteles presentando [&hellip;]<!-- AddThis Advanced Settings generic via filter on get_the_excerpt --><!-- AddThis Share Buttons generic via filter on get_the_excerpt --><\/p>\n","protected":false},"author":10,"featured_media":0,"comment_status":"open","ping_status":"closed","sticky":false,"template":"","format":"standard","meta":[],"categories":[4],"tags":[],"_links":{"self":[{"href":"https:\/\/blogs.hoy.es\/migas-canas\/wp-json\/wp\/v2\/posts\/80"}],"collection":[{"href":"https:\/\/blogs.hoy.es\/migas-canas\/wp-json\/wp\/v2\/posts"}],"about":[{"href":"https:\/\/blogs.hoy.es\/migas-canas\/wp-json\/wp\/v2\/types\/post"}],"author":[{"embeddable":true,"href":"https:\/\/blogs.hoy.es\/migas-canas\/wp-json\/wp\/v2\/users\/10"}],"replies":[{"embeddable":true,"href":"https:\/\/blogs.hoy.es\/migas-canas\/wp-json\/wp\/v2\/comments?post=80"}],"version-history":[{"count":0,"href":"https:\/\/blogs.hoy.es\/migas-canas\/wp-json\/wp\/v2\/posts\/80\/revisions"}],"wp:attachment":[{"href":"https:\/\/blogs.hoy.es\/migas-canas\/wp-json\/wp\/v2\/media?parent=80"}],"wp:term":[{"taxonomy":"category","embeddable":true,"href":"https:\/\/blogs.hoy.es\/migas-canas\/wp-json\/wp\/v2\/categories?post=80"},{"taxonomy":"post_tag","embeddable":true,"href":"https:\/\/blogs.hoy.es\/migas-canas\/wp-json\/wp\/v2\/tags?post=80"}],"curies":[{"name":"wp","href":"https:\/\/api.w.org\/{rel}","templated":true}]}}