{"id":824,"date":"2016-02-18T22:12:56","date_gmt":"2016-02-18T21:12:56","guid":{"rendered":"http:\/\/blogs.hoy.es\/migas-canas\/?p=824"},"modified":"2016-02-18T22:12:56","modified_gmt":"2016-02-18T21:12:56","slug":"libros","status":"publish","type":"post","link":"https:\/\/blogs.hoy.es\/migas-canas\/2016\/02\/18\/libros\/","title":{"rendered":"LIBROS"},"content":{"rendered":"<div id=\"attachment_825\" style=\"width: 522px\" class=\"wp-caption aligncenter\"><a href=\"\/migas-canas\/wp-content\/uploads\/sites\/8\/2016\/02\/11194584_1440998902879262_1069876936360090762_o.jpg\"><img aria-describedby=\"caption-attachment-825\" loading=\"lazy\" class=\"size-full wp-image-825  \" title=\"\u00c1NGEL GATA  fotografiado por Manuel Dur\u00e1n Viondi,\u00c1ngel,que ha trabajado casi toda su vida en Universitas y al que nombro en el art\u00edculo. muri\u00f3 el d\u00eda antes de la publicaci\u00f3n. que sirva este art\u00edculo como mi peque\u00f1o homenaje. \" src=\"\/migas-canas\/wp-content\/uploads\/sites\/8\/2016\/02\/11194584_1440998902879262_1069876936360090762_o.jpg\" alt=\"\u00c1NGEL GATA fotografiado por Manuel Dur\u00e1n Viondi\" width=\"512\" height=\"512\" srcset=\"https:\/\/static-blogs.hoy.es\/wp-content\/uploads\/sites\/8\/2016\/02\/11194584_1440998902879262_1069876936360090762_o.jpg 512w, https:\/\/static-blogs.hoy.es\/wp-content\/uploads\/sites\/8\/2016\/02\/11194584_1440998902879262_1069876936360090762_o-150x150.jpg 150w, https:\/\/static-blogs.hoy.es\/wp-content\/uploads\/sites\/8\/2016\/02\/11194584_1440998902879262_1069876936360090762_o-300x300.jpg 300w\" sizes=\"(max-width: 512px) 100vw, 512px\" \/><\/a><p id=\"caption-attachment-825\" class=\"wp-caption-text\">\u00c1NGEL GATA fotografiado por Manuel Dur\u00e1n Viondi, Angel Gata, trabajador de la libreria Universitas murio la noche antes de la publicaci\u00f3n de este art\u00edculo, sirva como mi peque\u00f1o homenaje<\/p><\/div>\n<p>Empiezo a pensar este art\u00edculo cuando cruzo la puerta de una librer\u00eda con suelo de m\u00e1rmol y estanter\u00edas llenas. Huele a invierno, a chimenea, a libro nuevo, a historias diferentes, a formas de vida, eso es la literatura: vida. Me topo de frente con la secci\u00f3n de libros de autoayuda, como si no fueran todos de autoayuda. Avanzo. Me da el alto <strong>Don Quijote con adarga en mano, Marcel Proust busca el tiempo perdido, Garc\u00eda M\u00e1rquez escucha a Florentino Ariza, el Jinete Polaco en M\u00e1gina, Umbral en el Gij\u00f3n, la poes\u00eda de Juan Ram\u00f3n y Fray Luis.<\/strong> Enredado en un laberinto de sombras<strong> Kakfa.<\/strong> Al fondo, a oscuras y con telera\u00f1as<strong> Allan Poe.<\/strong> Vuelvo a la luz de la poes\u00eda de los Angeles:<strong> \u00c1ngel Valente \u00c1ngel Gonz\u00e1lez y \u00c1ngel Espada. Cavafis<\/strong> va a \u00cdtaca. En lo alto veo a<strong> Monterroso<\/strong>, hombre de pocas palabras.<\/p>\n<p>Como un hada m\u00e1gica, casi sin tocar el suelo, se desplaza por la tienda, morena y delgada,no s\u00e9 su nombre, siempre me atiende \u00c1ngel Gata que me dice el precio de \u201cUn \u00e1rbol solo\u201d, como si tuviera precio<strong> Valhondo<\/strong>.<\/p>\n<p>Entre naranjos camino por la Avenida Santa Marina. Encuentro una cueva. Bajo las escaleras. Descubro el tesoro de cientos de libros: <strong>Vargas<a href=\"\/migas-canas\/wp-content\/uploads\/sites\/8\/2016\/02\/DSCN1007-3.jpg\"><img loading=\"lazy\" class=\"alignleft size-full wp-image-826\" title=\"DSCN1007 (3)\" src=\"\/migas-canas\/wp-content\/uploads\/sites\/8\/2016\/02\/DSCN1007-3.jpg\" alt=\"\" width=\"576\" height=\"432\" srcset=\"https:\/\/static-blogs.hoy.es\/wp-content\/uploads\/sites\/8\/2016\/02\/DSCN1007-3.jpg 576w, https:\/\/static-blogs.hoy.es\/wp-content\/uploads\/sites\/8\/2016\/02\/DSCN1007-3-300x225.jpg 300w\" sizes=\"(max-width: 576px) 100vw, 576px\" \/><\/a>Llosa sin novia, a quien le importa su novia, Thomas Mann, Alicie Munro, Dostoyevski&#8230;<\/strong><\/p>\n<p>Entro en el Corte Ingl\u00e9s, paso delante de los libros electr\u00f3nicos. No me gustan aunque tenga grabados m\u00e1s del doble de t\u00edtulos que en mi estanter\u00eda, detesto esa l\u00ednea en la parte inferior que avanza indicando el tanto por ciento le\u00eddo, como si participase en una carrera, cuando uno lo que busca en la literatura es parar el tiempo y no velocidad.<\/p>\n<p>No hay nada como acariciar la hoja, oler, subrayar,y charlar de nuevo con<strong> Aureliano, Sancho, Ignatius, Plat\u00f3n, Zaratustra<\/strong>\u2026 gozar el privilegio de escuchar a los vivos y sobre todos a los muertos.<\/p>\n<!-- AddThis Advanced Settings generic via filter on the_content --><!-- AddThis Share Buttons generic via filter on the_content -->","protected":false},"excerpt":{"rendered":"<p>Empiezo a pensar este art\u00edculo cuando cruzo la puerta de una librer\u00eda con suelo de m\u00e1rmol y estanter\u00edas llenas. Huele a invierno, a chimenea, a libro nuevo, a historias diferentes, a formas de vida, eso es la literatura: vida. Me topo de frente con la secci\u00f3n de libros de autoayuda, como si no fueran todos [&hellip;]<!-- AddThis Advanced Settings generic via filter on get_the_excerpt --><!-- AddThis Share Buttons generic via filter on get_the_excerpt --><\/p>\n","protected":false},"author":11,"featured_media":0,"comment_status":"open","ping_status":"closed","sticky":false,"template":"","format":"standard","meta":[],"categories":[2],"tags":[35,54,55,57,239,685,746,1063],"_links":{"self":[{"href":"https:\/\/blogs.hoy.es\/migas-canas\/wp-json\/wp\/v2\/posts\/824"}],"collection":[{"href":"https:\/\/blogs.hoy.es\/migas-canas\/wp-json\/wp\/v2\/posts"}],"about":[{"href":"https:\/\/blogs.hoy.es\/migas-canas\/wp-json\/wp\/v2\/types\/post"}],"author":[{"embeddable":true,"href":"https:\/\/blogs.hoy.es\/migas-canas\/wp-json\/wp\/v2\/users\/11"}],"replies":[{"embeddable":true,"href":"https:\/\/blogs.hoy.es\/migas-canas\/wp-json\/wp\/v2\/comments?post=824"}],"version-history":[{"count":0,"href":"https:\/\/blogs.hoy.es\/migas-canas\/wp-json\/wp\/v2\/posts\/824\/revisions"}],"wp:attachment":[{"href":"https:\/\/blogs.hoy.es\/migas-canas\/wp-json\/wp\/v2\/media?parent=824"}],"wp:term":[{"taxonomy":"category","embeddable":true,"href":"https:\/\/blogs.hoy.es\/migas-canas\/wp-json\/wp\/v2\/categories?post=824"},{"taxonomy":"post_tag","embeddable":true,"href":"https:\/\/blogs.hoy.es\/migas-canas\/wp-json\/wp\/v2\/tags?post=824"}],"curies":[{"name":"wp","href":"https:\/\/api.w.org\/{rel}","templated":true}]}}