{"id":843,"date":"2016-04-08T22:31:52","date_gmt":"2016-04-08T21:31:52","guid":{"rendered":"http:\/\/blogs.hoy.es\/migas-canas\/?p=843"},"modified":"2016-04-08T22:31:52","modified_gmt":"2016-04-08T21:31:52","slug":"san-isidro","status":"publish","type":"post","link":"https:\/\/blogs.hoy.es\/migas-canas\/2016\/04\/08\/san-isidro\/","title":{"rendered":"SAN ISIDRO"},"content":{"rendered":"<p><a href=\"\/migas-canas\/wp-content\/uploads\/sites\/8\/2016\/04\/DSCN2205-3.jpg\"><img loading=\"lazy\" class=\"aligncenter size-full wp-image-844\" title=\"DSCN2205 (3)\" src=\"\/migas-canas\/wp-content\/uploads\/sites\/8\/2016\/04\/DSCN2205-3.jpg\" alt=\"\" width=\"573\" height=\"430\" srcset=\"https:\/\/static-blogs.hoy.es\/wp-content\/uploads\/sites\/8\/2016\/04\/DSCN2205-3.jpg 573w, https:\/\/static-blogs.hoy.es\/wp-content\/uploads\/sites\/8\/2016\/04\/DSCN2205-3-300x225.jpg 300w\" sizes=\"(max-width: 573px) 100vw, 573px\" \/><\/a>\u00a0No recuerdo cuantos a\u00f1os hace que lo inauguraron. Yo<strong> iba por la noveler\u00eda de conocer algo diferente en aquellos tiempos en los que me gustaba m\u00e1s descubrir que profundizar en lo conocido.<\/strong><\/p>\n<p><strong>Dise\u00f1aron una pista<\/strong> aprovechado la orograf\u00eda de la dehesa. <strong>Un circuito de cinco Km<\/strong>\u00a0donde Cada 800 o 900 metros <strong>instalaron aparatos para realizar ejercicios<\/strong>. Hace tanto tiempo de aquello que solo recuerdo una cuerda para escalar. Dur\u00f3 poco. <strong>Lo que no est\u00e1 vigilado lo rompen o se lo llevan.<\/strong><\/p>\n<p>Sigo yendo a San Isidro, me gusta correr entre encinas. <strong>Nunca hab\u00eda reparado que hab\u00eda un parque para ni\u00f1os hasta que tuve una hija.<\/strong> Hace poco la llev\u00e9. Hab\u00eda columpios normales de maderas, no como los de otros parques que parecen dise\u00f1ados para futuras estrellas del circo del sol.<\/p>\n<p><strong>Cerca de los columpios sonaba bachatas y m\u00fasica de perreo que sal\u00edan de los altavoces de varios coches,<\/strong> mientras unos colombianos bailaban, asaban panceta y beb\u00edan botellas de cocacola de dos litros. Para eso tambi\u00e9n est\u00e1 el parque, para que los que no tienen parcelina de los domingos.<\/p>\n<p>A los dos o tres semanas volv\u00ed; las escaleras del tobog\u00e1n estaban rotas, de los dos columpios solo quedaba uno.<\/p>\n<p>Cerca hab\u00eda dos familias de adultos con adolescentes, <strong>de pronto, un joven saca una escopeta de balines apuntando en todas las direcciones ante las risas de los mayores.<\/strong><\/p>\n<p><a href=\"\/migas-canas\/wp-content\/uploads\/sites\/8\/2016\/04\/DSCN2184-2.jpg\"><img loading=\"lazy\" class=\"alignleft size-full wp-image-845\" title=\"DSCN2184 (2)\" src=\"\/migas-canas\/wp-content\/uploads\/sites\/8\/2016\/04\/DSCN2184-2.jpg\" alt=\"\" width=\"576\" height=\"432\" srcset=\"https:\/\/static-blogs.hoy.es\/wp-content\/uploads\/sites\/8\/2016\/04\/DSCN2184-2.jpg 576w, https:\/\/static-blogs.hoy.es\/wp-content\/uploads\/sites\/8\/2016\/04\/DSCN2184-2-300x225.jpg 300w\" sizes=\"(max-width: 576px) 100vw, 576px\" \/><\/a><strong>Otro adolescente cogi\u00f3 el BMW y empez\u00f3 a derrapar a toda velocidad mientras los adultos jaleaban su habilidad,<\/strong> realmente era diestro con el volante, esquiv\u00f3 con soltura a dos ni\u00f1os que estuvo a punto de atropellar. <strong>Todo termin\u00f3 bien, sin heridos y con una gran ovaci\u00f3n de su familia.<\/strong> San Isidro, un parque p\u00fablico que tiene propietario cada domingo de sol.<strong> Impera la ley del m\u00e1s fuerte, del m\u00e1s macarra. La dehesa tiene due\u00f1o.<\/strong><\/p>\n<p><strong>Lo que asusta de las cosas es la cercan\u00eda. Impresiona m\u00e1s una escopeta de balines en San Isidro que un kalashnikov en Par\u00eds. Duele m\u00e1s un atentado en Bruselas que otro en Pakist\u00e1n<a href=\"\/migas-canas\/wp-content\/uploads\/sites\/8\/2016\/04\/DSCN2185.jpg\"><img loading=\"lazy\" class=\"aligncenter size-full wp-image-847\" title=\"DSCN2185\" src=\"\/migas-canas\/wp-content\/uploads\/sites\/8\/2016\/04\/DSCN2185.jpg\" alt=\"\" width=\"576\" height=\"432\" srcset=\"https:\/\/static-blogs.hoy.es\/wp-content\/uploads\/sites\/8\/2016\/04\/DSCN2185.jpg 576w, https:\/\/static-blogs.hoy.es\/wp-content\/uploads\/sites\/8\/2016\/04\/DSCN2185-300x225.jpg 300w\" sizes=\"(max-width: 576px) 100vw, 576px\" \/><\/a><\/strong><\/p>\n<p>&nbsp;<\/p>\n<!-- AddThis Advanced Settings generic via filter on the_content --><!-- AddThis Share Buttons generic via filter on the_content -->","protected":false},"excerpt":{"rendered":"<p>\u00a0No recuerdo cuantos a\u00f1os hace que lo inauguraron. Yo iba por la noveler\u00eda de conocer algo diferente en aquellos tiempos en los que me gustaba m\u00e1s descubrir que profundizar en lo conocido. Dise\u00f1aron una pista aprovechado la orograf\u00eda de la dehesa. Un circuito de cinco Km\u00a0donde Cada 800 o 900 metros instalaron aparatos para realizar [&hellip;]<!-- AddThis Advanced Settings generic via filter on get_the_excerpt --><!-- AddThis Share Buttons generic via filter on get_the_excerpt --><\/p>\n","protected":false},"author":11,"featured_media":0,"comment_status":"open","ping_status":"closed","sticky":false,"template":"","format":"standard","meta":[],"categories":[2],"tags":[101,157,287,333,403,414,479,797,836,840,943,1021],"_links":{"self":[{"href":"https:\/\/blogs.hoy.es\/migas-canas\/wp-json\/wp\/v2\/posts\/843"}],"collection":[{"href":"https:\/\/blogs.hoy.es\/migas-canas\/wp-json\/wp\/v2\/posts"}],"about":[{"href":"https:\/\/blogs.hoy.es\/migas-canas\/wp-json\/wp\/v2\/types\/post"}],"author":[{"embeddable":true,"href":"https:\/\/blogs.hoy.es\/migas-canas\/wp-json\/wp\/v2\/users\/11"}],"replies":[{"embeddable":true,"href":"https:\/\/blogs.hoy.es\/migas-canas\/wp-json\/wp\/v2\/comments?post=843"}],"version-history":[{"count":0,"href":"https:\/\/blogs.hoy.es\/migas-canas\/wp-json\/wp\/v2\/posts\/843\/revisions"}],"wp:attachment":[{"href":"https:\/\/blogs.hoy.es\/migas-canas\/wp-json\/wp\/v2\/media?parent=843"}],"wp:term":[{"taxonomy":"category","embeddable":true,"href":"https:\/\/blogs.hoy.es\/migas-canas\/wp-json\/wp\/v2\/categories?post=843"},{"taxonomy":"post_tag","embeddable":true,"href":"https:\/\/blogs.hoy.es\/migas-canas\/wp-json\/wp\/v2\/tags?post=843"}],"curies":[{"name":"wp","href":"https:\/\/api.w.org\/{rel}","templated":true}]}}