{"id":85,"date":"2011-11-21T09:48:09","date_gmt":"2011-11-21T08:48:09","guid":{"rendered":"http:\/\/blogs.hoy.es\/migas-canas\/?p=85"},"modified":"2011-11-21T09:48:09","modified_gmt":"2011-11-21T08:48:09","slug":"olvidamos-vivir","status":"publish","type":"post","link":"https:\/\/blogs.hoy.es\/migas-canas\/2011\/11\/21\/olvidamos-vivir\/","title":{"rendered":"OLVIDAMOS VIVIR"},"content":{"rendered":"<p>No me extra\u00f1a que Sara Carbonero confunda a Machado con Serrat. No son buenos tiempos para la l\u00edrica. Es el momento de los economista sobre  los fil\u00f3logos. Los n\u00fameros vencen a las letras. Todos los d\u00edas vemos como la prima de riesgo ocupa portadas y p\u00e1ginas importantes en la prensa. Ya no leemos las historias de Aureliano Buendia  nos los cambiaron por las de la madre del Cuco. Las televisiones y los pol\u00edticos nos asustan a diario con la falta de dinero. Ya no se  habla de libros ni de poes\u00eda. El dinero  se ha cargado los sue\u00f1os. El oto\u00f1o ya no es marr\u00f3n ni amarillo ni compartir un cartucho de casta\u00f1a con las personas queridas. Este oto\u00f1o es de debates, mitines, rescates, ajustes. . . Por eso, en esta tarde melanc\u00f3lica de noviembre, me escapo por la ventana con Salinas  para viajar por el mundo de los sentimientos. No quiero n\u00fameros, ni  oto\u00f1os azul chillon, ni rojo desgastado. No quiero que  me hagan olvidar mis sue\u00f1os y seguir disfrutando de la palabra que me niega el protagonismo del euro.<br \/>\nEuropa busca nuevas formas para poder vivir en la riqueza olvidando vivir  los sentimientos.<\/p>\n<!-- AddThis Advanced Settings generic via filter on the_content --><!-- AddThis Share Buttons generic via filter on the_content -->","protected":false},"excerpt":{"rendered":"<p>No me extra\u00f1a que Sara Carbonero confunda a Machado con Serrat. No son buenos tiempos para la l\u00edrica. Es el momento de los economista sobre los fil\u00f3logos. Los n\u00fameros vencen a las letras. Todos los d\u00edas vemos como la prima de riesgo ocupa portadas y p\u00e1ginas importantes en la prensa. Ya no leemos las historias [&hellip;]<!-- AddThis Advanced Settings generic via filter on get_the_excerpt --><!-- AddThis Share Buttons generic via filter on get_the_excerpt --><\/p>\n","protected":false},"author":10,"featured_media":0,"comment_status":"open","ping_status":"closed","sticky":false,"template":"","format":"standard","meta":[],"categories":[4],"tags":[],"_links":{"self":[{"href":"https:\/\/blogs.hoy.es\/migas-canas\/wp-json\/wp\/v2\/posts\/85"}],"collection":[{"href":"https:\/\/blogs.hoy.es\/migas-canas\/wp-json\/wp\/v2\/posts"}],"about":[{"href":"https:\/\/blogs.hoy.es\/migas-canas\/wp-json\/wp\/v2\/types\/post"}],"author":[{"embeddable":true,"href":"https:\/\/blogs.hoy.es\/migas-canas\/wp-json\/wp\/v2\/users\/10"}],"replies":[{"embeddable":true,"href":"https:\/\/blogs.hoy.es\/migas-canas\/wp-json\/wp\/v2\/comments?post=85"}],"version-history":[{"count":0,"href":"https:\/\/blogs.hoy.es\/migas-canas\/wp-json\/wp\/v2\/posts\/85\/revisions"}],"wp:attachment":[{"href":"https:\/\/blogs.hoy.es\/migas-canas\/wp-json\/wp\/v2\/media?parent=85"}],"wp:term":[{"taxonomy":"category","embeddable":true,"href":"https:\/\/blogs.hoy.es\/migas-canas\/wp-json\/wp\/v2\/categories?post=85"},{"taxonomy":"post_tag","embeddable":true,"href":"https:\/\/blogs.hoy.es\/migas-canas\/wp-json\/wp\/v2\/tags?post=85"}],"curies":[{"name":"wp","href":"https:\/\/api.w.org\/{rel}","templated":true}]}}