{"id":853,"date":"2016-05-10T22:22:01","date_gmt":"2016-05-10T21:22:01","guid":{"rendered":"http:\/\/blogs.hoy.es\/migas-canas\/?p=853"},"modified":"2016-05-10T22:22:01","modified_gmt":"2016-05-10T21:22:01","slug":"853","status":"publish","type":"post","link":"https:\/\/blogs.hoy.es\/migas-canas\/2016\/05\/10\/853\/","title":{"rendered":"HISTORIAS DE SUPERMERCADO"},"content":{"rendered":"<p><strong><a href=\"\/migas-canas\/wp-content\/uploads\/sites\/8\/2016\/05\/DSCN3022.jpg\"><img loading=\"lazy\" class=\"aligncenter size-full wp-image-857\" title=\"DSCN3022\" src=\"\/migas-canas\/wp-content\/uploads\/sites\/8\/2016\/05\/DSCN3022.jpg\" alt=\"\" width=\"576\" height=\"432\" srcset=\"https:\/\/static-blogs.hoy.es\/wp-content\/uploads\/sites\/8\/2016\/05\/DSCN3022.jpg 576w, https:\/\/static-blogs.hoy.es\/wp-content\/uploads\/sites\/8\/2016\/05\/DSCN3022-300x225.jpg 300w\" sizes=\"(max-width: 576px) 100vw, 576px\" \/><\/a>Estaba comprando en el Super Sol que ya no se llama as\u00ed<\/strong>. Cansado de cambios de propietario lo llamo por el nombre con el que lo conoc\u00ed por primera vez. Recorr\u00eda los pasillos pensando en un tema para escribir. Me rondaba por la cabeza lo de unas nuevas elecciones. Los l\u00edderes nacionales no han llegado a ning\u00fan consenso<strong> con lo f\u00e1cil que ha sido para todos los partidos de Badajoz acordar subir el sueldo de sus Concejales.<\/strong> Le daba vueltas a la actualidad cuando <strong>de repente las vi<\/strong> en la secci\u00f3n de fruter\u00eda<strong>: guapas, altas, delgadas<\/strong>, las dos ten\u00edan el pelo negro y sedoso; cada vez que giraban la cabeza se mov\u00edan como a c\u00e1mara lenta como si aquello fuera un anuncio de champ\u00fa. Dos j\u00f3venes elegantes. <a href=\"\/migas-canas\/wp-content\/uploads\/sites\/8\/2016\/05\/DSCN3260.jpg\"><img loading=\"lazy\" class=\"aligncenter size-full wp-image-855\" title=\"DSCN3260\" src=\"\/migas-canas\/wp-content\/uploads\/sites\/8\/2016\/05\/DSCN3260.jpg\" alt=\"\" width=\"576\" height=\"432\" srcset=\"https:\/\/static-blogs.hoy.es\/wp-content\/uploads\/sites\/8\/2016\/05\/DSCN3260.jpg 576w, https:\/\/static-blogs.hoy.es\/wp-content\/uploads\/sites\/8\/2016\/05\/DSCN3260-300x225.jpg 300w\" sizes=\"(max-width: 576px) 100vw, 576px\" \/><\/a><strong>Dos diosas que parec\u00edan haberse escapado de la pasarela para mezclarse con la cotidianidad del supermercado<\/strong>; dos Venus de la belleza que desprend\u00edan sensualidad y deseo con cada paso, con cada movimiento; <strong>Dos \u00e1ngeles ca\u00eddos del cielo que se mov\u00edan dentro de los tacones con una naturalidad que parec\u00edan una prolongaci\u00f3n del pie, como si hubiesen nacido dentro de ellos.<\/strong> Las dos estaban delante de mi en la cola de la caja colocando en la cinta,con la suavidad de sus largos y delgados dedos, yogures light, leche desnatada, cocacola zero&#8230; <strong>todo era perfecto hasta que una de ellas dijo \u201cJoder t\u00eda, hace un calor que te cagas\u201d la otra contest\u00f3 \u201ces chica\u201d<\/strong>. En un momento se rompi\u00f3 toda la magia. La realidad se <a href=\"\/migas-canas\/wp-content\/uploads\/sites\/8\/2016\/05\/DSCN2600-3.jpg\"><img loading=\"lazy\" class=\"aligncenter size-full wp-image-856\" title=\"DSCN2600 (3)\" src=\"\/migas-canas\/wp-content\/uploads\/sites\/8\/2016\/05\/DSCN2600-3.jpg\" alt=\"\" width=\"576\" height=\"432\" srcset=\"https:\/\/static-blogs.hoy.es\/wp-content\/uploads\/sites\/8\/2016\/05\/DSCN2600-3.jpg 576w, https:\/\/static-blogs.hoy.es\/wp-content\/uploads\/sites\/8\/2016\/05\/DSCN2600-3-300x225.jpg 300w\" sizes=\"(max-width: 576px) 100vw, 576px\" \/><\/a>impuso a la fantas\u00eda<strong>. Las diosas se transformaron en terrenales y pens\u00e9 que la falsedad de la belleza se asemeja a las mentiras de las promesas.<\/strong> Las apariencias enga\u00f1an, \u00bf<strong>a qu\u00e9 suena bien manos limpias?<\/strong> Las cosas no son lo que parecen, bueno, <strong>excepto Rita Barbera que es lo que parece<\/strong>. Obnubilado por los cinco minutos de magia de las modelos perd\u00ed el hilo de mis pensamiento. Mis dedos comenzaron a deslizarse sobre el teclado con la dudas de siempre para contar solo cosas que veo y que siento.<\/p>\n<p>&nbsp;<\/p>\n<!-- AddThis Advanced Settings generic via filter on the_content --><!-- AddThis Share Buttons generic via filter on the_content -->","protected":false},"excerpt":{"rendered":"<p>Estaba comprando en el Super Sol que ya no se llama as\u00ed. Cansado de cambios de propietario lo llamo por el nombre con el que lo conoc\u00ed por primera vez. Recorr\u00eda los pasillos pensando en un tema para escribir. Me rondaba por la cabeza lo de unas nuevas elecciones. Los l\u00edderes nacionales no han llegado [&hellip;]<!-- AddThis Advanced Settings generic via filter on get_the_excerpt --><!-- AddThis Share Buttons generic via filter on get_the_excerpt --><\/p>\n","protected":false},"author":11,"featured_media":0,"comment_status":"open","ping_status":"closed","sticky":false,"template":"","format":"standard","meta":[],"categories":[2],"tags":[359,633,678,919,991,1094],"_links":{"self":[{"href":"https:\/\/blogs.hoy.es\/migas-canas\/wp-json\/wp\/v2\/posts\/853"}],"collection":[{"href":"https:\/\/blogs.hoy.es\/migas-canas\/wp-json\/wp\/v2\/posts"}],"about":[{"href":"https:\/\/blogs.hoy.es\/migas-canas\/wp-json\/wp\/v2\/types\/post"}],"author":[{"embeddable":true,"href":"https:\/\/blogs.hoy.es\/migas-canas\/wp-json\/wp\/v2\/users\/11"}],"replies":[{"embeddable":true,"href":"https:\/\/blogs.hoy.es\/migas-canas\/wp-json\/wp\/v2\/comments?post=853"}],"version-history":[{"count":0,"href":"https:\/\/blogs.hoy.es\/migas-canas\/wp-json\/wp\/v2\/posts\/853\/revisions"}],"wp:attachment":[{"href":"https:\/\/blogs.hoy.es\/migas-canas\/wp-json\/wp\/v2\/media?parent=853"}],"wp:term":[{"taxonomy":"category","embeddable":true,"href":"https:\/\/blogs.hoy.es\/migas-canas\/wp-json\/wp\/v2\/categories?post=853"},{"taxonomy":"post_tag","embeddable":true,"href":"https:\/\/blogs.hoy.es\/migas-canas\/wp-json\/wp\/v2\/tags?post=853"}],"curies":[{"name":"wp","href":"https:\/\/api.w.org\/{rel}","templated":true}]}}