{"id":86,"date":"2011-11-25T16:06:59","date_gmt":"2011-11-25T15:06:59","guid":{"rendered":"http:\/\/blogs.hoy.es\/migas-canas\/?p=86"},"modified":"2011-11-25T16:06:59","modified_gmt":"2011-11-25T15:06:59","slug":"los-dias-despues","status":"publish","type":"post","link":"https:\/\/blogs.hoy.es\/migas-canas\/2011\/11\/25\/los-dias-despues\/","title":{"rendered":"LOS D\u00cdAS DESPU\u00c9S"},"content":{"rendered":"<p>&nbsp;<\/p>\n<p>Algunos columnistas van a echar de menos a Zapatero que junto con Pepe Blanco ha sido una de las mejores musas que ha dado la pol\u00edtica al columnismo nacional. De repente el cielo se vist\u00edo de azul y aunque vuelvan los nublado,el azul se ha extendido por todo el pa\u00eds con m\u00e1s intensidad de lo previsto cogiendo a m\u00e1s de uno con la pluma cambiada.El rojo ha sido un rojo p\u00e1lido, acabado, sin querer destacar.Quiz\u00e1s han pensado que no es buen momento para gobernar, por eso, cuando se reclamaba ideas nuevas. sacacaron de su acaudalado retiro para hablar de pobreza a las viejas glorias Gonzalez y Guerra.Al final,en Ferraz, dejaron a Rubalcaba solo como si \u00e9l fuese el \u00fanico responsable del fracaso. En cambio en G\u00e9nova, daban botes al r\u00edtmo que marcaba la m\u00fasica de Sakira, una verbena de banderas azules,rojas y amarillas se amontonaban junto al balc\u00f3n de la sede para celebrar el triunfo. Un triunfo inquietante con la prima de riesgo amenazando y la sombra del rescate encima de nuestras cabezas. Un triunfo que da a Rajoy la oportunidad de que se fijen en \u00e9l los publicistas de Benetton y as\u00ed poder besar a Merkel y Sarkozy con un interesado beso de tornillo para exprimir las vac\u00edas arcas del estado y los tristes bolsillos del ciudadano.<\/p>\n<!-- AddThis Advanced Settings generic via filter on the_content --><!-- AddThis Share Buttons generic via filter on the_content -->","protected":false},"excerpt":{"rendered":"<p>&nbsp; Algunos columnistas van a echar de menos a Zapatero que junto con Pepe Blanco ha sido una de las mejores musas que ha dado la pol\u00edtica al columnismo nacional. De repente el cielo se vist\u00edo de azul y aunque vuelvan los nublado,el azul se ha extendido por todo el pa\u00eds con m\u00e1s intensidad de [&hellip;]<!-- AddThis Advanced Settings generic via filter on get_the_excerpt --><!-- AddThis Share Buttons generic via filter on get_the_excerpt --><\/p>\n","protected":false},"author":10,"featured_media":0,"comment_status":"open","ping_status":"closed","sticky":false,"template":"","format":"standard","meta":[],"categories":[4],"tags":[],"_links":{"self":[{"href":"https:\/\/blogs.hoy.es\/migas-canas\/wp-json\/wp\/v2\/posts\/86"}],"collection":[{"href":"https:\/\/blogs.hoy.es\/migas-canas\/wp-json\/wp\/v2\/posts"}],"about":[{"href":"https:\/\/blogs.hoy.es\/migas-canas\/wp-json\/wp\/v2\/types\/post"}],"author":[{"embeddable":true,"href":"https:\/\/blogs.hoy.es\/migas-canas\/wp-json\/wp\/v2\/users\/10"}],"replies":[{"embeddable":true,"href":"https:\/\/blogs.hoy.es\/migas-canas\/wp-json\/wp\/v2\/comments?post=86"}],"version-history":[{"count":0,"href":"https:\/\/blogs.hoy.es\/migas-canas\/wp-json\/wp\/v2\/posts\/86\/revisions"}],"wp:attachment":[{"href":"https:\/\/blogs.hoy.es\/migas-canas\/wp-json\/wp\/v2\/media?parent=86"}],"wp:term":[{"taxonomy":"category","embeddable":true,"href":"https:\/\/blogs.hoy.es\/migas-canas\/wp-json\/wp\/v2\/categories?post=86"},{"taxonomy":"post_tag","embeddable":true,"href":"https:\/\/blogs.hoy.es\/migas-canas\/wp-json\/wp\/v2\/tags?post=86"}],"curies":[{"name":"wp","href":"https:\/\/api.w.org\/{rel}","templated":true}]}}