{"id":860,"date":"2016-05-28T08:12:59","date_gmt":"2016-05-28T07:12:59","guid":{"rendered":"http:\/\/blogs.hoy.es\/migas-canas\/?p=860"},"modified":"2016-05-28T08:12:59","modified_gmt":"2016-05-28T07:12:59","slug":"feria-del-libro","status":"publish","type":"post","link":"https:\/\/blogs.hoy.es\/migas-canas\/2016\/05\/28\/feria-del-libro\/","title":{"rendered":"FERIA DEL LIBRO"},"content":{"rendered":"<p><a href=\"\/migas-canas\/wp-content\/uploads\/sites\/8\/2016\/05\/DSCN3284-2.jpg\"><img loading=\"lazy\" class=\"aligncenter size-full wp-image-862\" title=\"DSCN3284 (2)\" src=\"\/migas-canas\/wp-content\/uploads\/sites\/8\/2016\/05\/DSCN3284-2.jpg\" alt=\"\" width=\"540\" height=\"405\" srcset=\"https:\/\/static-blogs.hoy.es\/wp-content\/uploads\/sites\/8\/2016\/05\/DSCN3284-2.jpg 540w, https:\/\/static-blogs.hoy.es\/wp-content\/uploads\/sites\/8\/2016\/05\/DSCN3284-2-300x225.jpg 300w\" sizes=\"(max-width: 540px) 100vw, 540px\" \/><\/a>Sentimientos, aventuras, conocimiento, todo escondido entre p\u00e1ginas con olor a tinta fresca reci\u00e9n sacadas de sus cuevas. Libros que salen al encuentro de lectores adictos y lectores nuevos.<\/p>\n<p>Todo empez\u00f3 un viernes por la tarde con la m\u00fasica y la poes\u00eda de <strong>Josele. el anterior vocalista del Desv\u00e1n del Duende<\/strong>. Despu\u00e9s tom\u00f3 la <a href=\"\/migas-canas\/wp-content\/uploads\/sites\/8\/2016\/05\/DSCN3299-2.jpg\"><img loading=\"lazy\" class=\"aligncenter size-full wp-image-866\" title=\"DSCN3299 (2)\" src=\"\/migas-canas\/wp-content\/uploads\/sites\/8\/2016\/05\/DSCN3299-2.jpg\" alt=\"\" width=\"572\" height=\"429\" srcset=\"https:\/\/static-blogs.hoy.es\/wp-content\/uploads\/sites\/8\/2016\/05\/DSCN3299-2.jpg 572w, https:\/\/static-blogs.hoy.es\/wp-content\/uploads\/sites\/8\/2016\/05\/DSCN3299-2-300x225.jpg 300w\" sizes=\"(max-width: 572px) 100vw, 572px\" \/><\/a>palabra <strong>Paloma Morcill<\/strong>o dentro de un vestido rojo y una sonrisa nerviosa de anfitriona satisfecha. <strong>El Alcalde<\/strong> ley\u00f3 un texto que llevaba escrito. <strong>Eugenio Fuente<\/strong>s habl\u00f3. luci\u00f3 con la delgadez de los que montan con frecuencia en bicicleta y la sabidur\u00eda de los que han cabalgado en m\u00e1s de una ocasi\u00f3n encima del roc\u00edn flaco con adarga en mano. Conoc\u00ed a <strong>Agust\u00edn Mu\u00f1oz<\/strong> del que he le\u00eddo sus tribunas en este peri\u00f3dico, bien escritas y entretenidas en el d\u00eda que <strong>Mart\u00edn Tamay<\/strong>o le dedic\u00f3 una columna.<strong> Fernando Valbuena<\/strong>: amable, campechano, cari\u00f1oso,me dijo con ese acento de vasco pacense que ven\u00eda del homenaje de Copito celebrado la semana anterior. En la Cope habla de gastronom\u00eda, de toros en Onda cero, en este peri\u00f3dico escribe una columna los viernes, otra los domingos, participa en tertulias televisadas, hace presentaciones&#8230; Cada media hora se presenta un libro.<strong> Escritores sin lectores<\/strong> que igual que los reconocidos tambi\u00e9n han estado expuestos al relente de la soledad creativa <a href=\"\/migas-canas\/wp-content\/uploads\/sites\/8\/2016\/05\/DSCN3292.jpg\"><img loading=\"lazy\" class=\"aligncenter size-full wp-image-864\" title=\"DSCN3292\" src=\"\/migas-canas\/wp-content\/uploads\/sites\/8\/2016\/05\/DSCN3292.jpg\" alt=\"\" width=\"576\" height=\"432\" srcset=\"https:\/\/static-blogs.hoy.es\/wp-content\/uploads\/sites\/8\/2016\/05\/DSCN3292.jpg 576w, https:\/\/static-blogs.hoy.es\/wp-content\/uploads\/sites\/8\/2016\/05\/DSCN3292-300x225.jpg 300w\" sizes=\"(max-width: 576px) 100vw, 576px\" \/><\/a>y a horas y d\u00edas de trabajo aunque no metan cabeza en el laberinto del mercado editorial. <strong>Pecell\u00edn Lancharro<\/strong> present\u00f3 su libro y<strong> Francisco Pilo<\/strong> y <strong>Pl\u00e1cido Ramirez<\/strong>\u00a0 que siempre est\u00e1 \u00a0presente en todo lo que huele a poes\u00eda. Vi a<strong> Alfredo Li\u00f1a<\/strong>n sentado en una banqueta. Lo conoc\u00ed por su mirada esc\u00e9ptica, ir\u00f3nica y mordaz, como diciendo; chaval si sigues mirando te doy el domingo con el mazo de mi tambor. En la feria est\u00e1n las cosas importantes de la vida: amor, crimen, muerte pasi\u00f3n, risas y llantos, todo con el deseo de expandirse por Badajoz para que luego, en la intimidad, sentado en el sill\u00f3n de casa, nos hablen al o\u00eddo o nos griten a la conciencia. Libros prohibidos, lecturas nocturna, poes\u00eda, mujeres, hombres y ni\u00f1os muchos ni\u00f1os que miran con asombro a los cuentacuentos y a t\u00edteres sin banderas ni s\u00edmbolos que los ni\u00f1os solo son ni\u00f1os y su <a href=\"\/migas-canas\/wp-content\/uploads\/sites\/8\/2016\/05\/DSCN1026-2.jpg\"><img loading=\"lazy\" class=\"aligncenter size-full wp-image-867\" title=\"DSCN1026 (2)\" src=\"\/migas-canas\/wp-content\/uploads\/sites\/8\/2016\/05\/DSCN1026-2.jpg\" alt=\"\" width=\"576\" height=\"432\" srcset=\"https:\/\/static-blogs.hoy.es\/wp-content\/uploads\/sites\/8\/2016\/05\/DSCN1026-2.jpg 576w, https:\/\/static-blogs.hoy.es\/wp-content\/uploads\/sites\/8\/2016\/05\/DSCN1026-2-300x225.jpg 300w\" sizes=\"(max-width: 576px) 100vw, 576px\" \/><\/a>patria es la imaginaci\u00f3n.<\/p>\n<p>&nbsp;<\/p>\n<p>&nbsp;<\/p>\n<!-- AddThis Advanced Settings generic via filter on the_content --><!-- AddThis Share Buttons generic via filter on the_content -->","protected":false},"excerpt":{"rendered":"<p>Sentimientos, aventuras, conocimiento, todo escondido entre p\u00e1ginas con olor a tinta fresca reci\u00e9n sacadas de sus cuevas. Libros que salen al encuentro de lectores adictos y lectores nuevos. Todo empez\u00f3 un viernes por la tarde con la m\u00fasica y la poes\u00eda de Josele. el anterior vocalista del Desv\u00e1n del Duende. Despu\u00e9s tom\u00f3 la palabra Paloma [&hellip;]<!-- AddThis Advanced Settings generic via filter on get_the_excerpt --><!-- AddThis Share Buttons generic via filter on get_the_excerpt --><\/p>\n","protected":false},"author":11,"featured_media":0,"comment_status":"open","ping_status":"closed","sticky":false,"template":"","format":"standard","meta":[],"categories":[2],"tags":[22,33,93,151,199,212,295,302,318,332,366,400,401,423,445,467,513,525,546,554,634,708,755,756,771,780,783,790,814,824,863,918,957,958,1022,1023,1026],"_links":{"self":[{"href":"https:\/\/blogs.hoy.es\/migas-canas\/wp-json\/wp\/v2\/posts\/860"}],"collection":[{"href":"https:\/\/blogs.hoy.es\/migas-canas\/wp-json\/wp\/v2\/posts"}],"about":[{"href":"https:\/\/blogs.hoy.es\/migas-canas\/wp-json\/wp\/v2\/types\/post"}],"author":[{"embeddable":true,"href":"https:\/\/blogs.hoy.es\/migas-canas\/wp-json\/wp\/v2\/users\/11"}],"replies":[{"embeddable":true,"href":"https:\/\/blogs.hoy.es\/migas-canas\/wp-json\/wp\/v2\/comments?post=860"}],"version-history":[{"count":0,"href":"https:\/\/blogs.hoy.es\/migas-canas\/wp-json\/wp\/v2\/posts\/860\/revisions"}],"wp:attachment":[{"href":"https:\/\/blogs.hoy.es\/migas-canas\/wp-json\/wp\/v2\/media?parent=860"}],"wp:term":[{"taxonomy":"category","embeddable":true,"href":"https:\/\/blogs.hoy.es\/migas-canas\/wp-json\/wp\/v2\/categories?post=860"},{"taxonomy":"post_tag","embeddable":true,"href":"https:\/\/blogs.hoy.es\/migas-canas\/wp-json\/wp\/v2\/tags?post=860"}],"curies":[{"name":"wp","href":"https:\/\/api.w.org\/{rel}","templated":true}]}}