{"id":883,"date":"2016-07-16T00:52:35","date_gmt":"2016-07-15T23:52:35","guid":{"rendered":"http:\/\/blogs.hoy.es\/migas-canas\/?p=883"},"modified":"2016-07-16T00:52:35","modified_gmt":"2016-07-15T23:52:35","slug":"fado-en-el-bar-novo","status":"publish","type":"post","link":"https:\/\/blogs.hoy.es\/migas-canas\/2016\/07\/16\/fado-en-el-bar-novo\/","title":{"rendered":"FADO EN EL BAR NOVO"},"content":{"rendered":"<div id=\"attachment_884\" style=\"width: 897px\" class=\"wp-caption aligncenter\"><a href=\"\/migas-canas\/wp-content\/uploads\/sites\/8\/2016\/07\/unnamed-3.jpg\"><img aria-describedby=\"caption-attachment-884\" loading=\"lazy\" class=\"size-full wp-image-884\" title=\"unnamed (3)\" src=\"\/migas-canas\/wp-content\/uploads\/sites\/8\/2016\/07\/unnamed-3.jpg\" alt=\"Fotograf\u00eda de Miguel Cacho\" width=\"887\" height=\"495\" srcset=\"https:\/\/static-blogs.hoy.es\/wp-content\/uploads\/sites\/8\/2016\/07\/unnamed-3.jpg 887w, https:\/\/static-blogs.hoy.es\/wp-content\/uploads\/sites\/8\/2016\/07\/unnamed-3-300x167.jpg 300w, https:\/\/static-blogs.hoy.es\/wp-content\/uploads\/sites\/8\/2016\/07\/unnamed-3-768x429.jpg 768w\" sizes=\"(max-width: 887px) 100vw, 887px\" \/><\/a><p id=\"caption-attachment-884\" class=\"wp-caption-text\">Fotograf\u00eda de Miguel Cacho<\/p><\/div>\n<p style=\"text-align: center;\"><strong>El s\u00e1bado 8 de julio se coc\u00eda Badajoz a 42 grado<\/strong>. El asfalto era chicle derretido. No hab\u00eda nadie por la calle. En un acto de valent\u00eda e insensatez, retando a este calor que condiciona la vida y horarios de los pacenses<strong>, decid\u00ed ir a Portugal <\/strong>para estrenar las ruedas nuevas del coche.\u00a0Por la ma\u00f1ana me las cambiaron en un taller de antes: <strong>mec\u00e1nicos manchados de grasa, almanaque de pared con los meses sin actualizar<\/strong><strong>, seguramente la chica morena de junio les gustaba m\u00e1s que la rubia de julio<\/strong>. Un joven con tatuajes de colores, pendiente de aro y coleta pide las ruedas a la f\u00e1brica por wasap. Me pide una se\u00f1al, 20 euros, que anota en una libreta de alambres peque\u00f1ita. Le pido un recibo. Dice que no es necesario, que con \u00e9l no hay \u201cpoblema\u201d. No se f\u00eda de mi solicit\u00e1ndome una se\u00f1al y yo de \u00e9l si.<strong> Debe ser que las barbas, cuando se trata de ser honrado, generan m\u00e1s sospechas que las coletas.<\/strong><\/p>\n<p style=\"text-align: center;\"><a href=\"\/migas-canas\/wp-content\/uploads\/sites\/8\/2016\/07\/DSCN3781-3.jpg\"><img loading=\"lazy\" class=\"aligncenter size-full wp-image-885\" title=\"DSCN3781 (3)\" src=\"\/migas-canas\/wp-content\/uploads\/sites\/8\/2016\/07\/DSCN3781-3.jpg\" alt=\"\" width=\"576\" height=\"432\" srcset=\"https:\/\/static-blogs.hoy.es\/wp-content\/uploads\/sites\/8\/2016\/07\/DSCN3781-3.jpg 576w, https:\/\/static-blogs.hoy.es\/wp-content\/uploads\/sites\/8\/2016\/07\/DSCN3781-3-300x225.jpg 300w\" sizes=\"(max-width: 576px) 100vw, 576px\" \/><\/a><a href=\"\/migas-canas\/wp-content\/uploads\/sites\/8\/2016\/07\/DSCN3770-3.jpg\"><img loading=\"lazy\" class=\"aligncenter size-full wp-image-886\" title=\"DSCN3770 (3)\" src=\"\/migas-canas\/wp-content\/uploads\/sites\/8\/2016\/07\/DSCN3770-3.jpg\" alt=\"\" width=\"567\" height=\"425\" srcset=\"https:\/\/static-blogs.hoy.es\/wp-content\/uploads\/sites\/8\/2016\/07\/DSCN3770-3.jpg 567w, https:\/\/static-blogs.hoy.es\/wp-content\/uploads\/sites\/8\/2016\/07\/DSCN3770-3-300x225.jpg 300w\" sizes=\"(max-width: 567px) 100vw, 567px\" \/><\/a><strong>En el restaurante no hay Espa\u00f1oles y pocos Portugueses. Le pido la cuenta y nos traen un beirao dice que no hay prisa<\/strong> y comienza a hablar con nosotros el camarero: 31 a\u00f1os, Teniente de Alcalde del pueblo, representante de vinos, socialista como su padre.<strong> Le pregunto por su ambiciones pol\u00edticas. Dice que no tiene, que no cobra nada, que su mayor recompensa es poder ayudar a la gente de su pueblo<\/strong>. Al final terminaron todos sentados en nuestra mesa. El camarero pol\u00edtico; el due\u00f1o del restaurante que cuenta sus a\u00f1os de forcado y de empresario de una cuadrilla de calzadi\u00f1a y una cocinera gruesa con el mandil puesto. Somos los \u00fanicos que quedamos en el bar-<a href=\"\/migas-canas\/wp-content\/uploads\/sites\/8\/2016\/07\/IMG_20160715_1703581.jpg\"><img loading=\"lazy\" class=\"aligncenter size-full wp-image-892\" title=\"IMG_20160715_170358\" src=\"\/migas-canas\/wp-content\/uploads\/sites\/8\/2016\/07\/IMG_20160715_1703581.jpg\" alt=\"\" width=\"292\" height=\"520\" srcset=\"https:\/\/static-blogs.hoy.es\/wp-content\/uploads\/sites\/8\/2016\/07\/IMG_20160715_1703581.jpg 292w, https:\/\/static-blogs.hoy.es\/wp-content\/uploads\/sites\/8\/2016\/07\/IMG_20160715_1703581-168x300.jpg 168w\" sizes=\"(max-width: 292px) 100vw, 292px\" \/><\/a>restaurante. Supongo que estas cosas son las que les pasa a Alonso de la Torre cuando va de aventura gastron\u00f3mica por los pueblos portugueses. <strong>Joao, trae otro beirao. El tiempo se detiene con la pausa que le dan los portugueses al hablar con la musicalidad nost\u00e1lgica del fado \u00a0dulcificando un \u00a0ambiente de charla pausada y serena. Fuera el asfalto sigue coci\u00e9ndose en un chup chup de fuego lento y constante.<\/strong><\/p>\n<p>&nbsp;<\/p>\n<!-- AddThis Advanced Settings generic via filter on the_content --><!-- AddThis Share Buttons generic via filter on the_content -->","protected":false},"excerpt":{"rendered":"<p>Fotograf\u00eda de Miguel Cacho<!-- AddThis Advanced Settings generic via filter on get_the_excerpt --><!-- AddThis Share Buttons generic via filter on get_the_excerpt --><\/p>\n","protected":false},"author":11,"featured_media":0,"comment_status":"open","ping_status":"closed","sticky":false,"template":"","format":"standard","meta":[],"categories":[2],"tags":[38,122,273,429,870,908,1001],"_links":{"self":[{"href":"https:\/\/blogs.hoy.es\/migas-canas\/wp-json\/wp\/v2\/posts\/883"}],"collection":[{"href":"https:\/\/blogs.hoy.es\/migas-canas\/wp-json\/wp\/v2\/posts"}],"about":[{"href":"https:\/\/blogs.hoy.es\/migas-canas\/wp-json\/wp\/v2\/types\/post"}],"author":[{"embeddable":true,"href":"https:\/\/blogs.hoy.es\/migas-canas\/wp-json\/wp\/v2\/users\/11"}],"replies":[{"embeddable":true,"href":"https:\/\/blogs.hoy.es\/migas-canas\/wp-json\/wp\/v2\/comments?post=883"}],"version-history":[{"count":0,"href":"https:\/\/blogs.hoy.es\/migas-canas\/wp-json\/wp\/v2\/posts\/883\/revisions"}],"wp:attachment":[{"href":"https:\/\/blogs.hoy.es\/migas-canas\/wp-json\/wp\/v2\/media?parent=883"}],"wp:term":[{"taxonomy":"category","embeddable":true,"href":"https:\/\/blogs.hoy.es\/migas-canas\/wp-json\/wp\/v2\/categories?post=883"},{"taxonomy":"post_tag","embeddable":true,"href":"https:\/\/blogs.hoy.es\/migas-canas\/wp-json\/wp\/v2\/tags?post=883"}],"curies":[{"name":"wp","href":"https:\/\/api.w.org\/{rel}","templated":true}]}}