{"id":90,"date":"2011-12-05T08:24:22","date_gmt":"2011-12-05T07:24:22","guid":{"rendered":"http:\/\/blogs.hoy.es\/migas-canas\/?p=90"},"modified":"2011-12-05T08:24:22","modified_gmt":"2011-12-05T07:24:22","slug":"diciembre","status":"publish","type":"post","link":"https:\/\/blogs.hoy.es\/migas-canas\/2011\/12\/05\/diciembre\/","title":{"rendered":"DICIEMBRE"},"content":{"rendered":"<p>Ya estamos otra vez en diciembre y muchos a\u00fan van  por la cuesta de enero. \u00bfQue hacer el mes del consumo? El mes que se invent\u00f3 la paga extraordinaria para gastarla entera y un poco m\u00e1s si este a\u00f1o hay muchos que no tienen ni paga simple. Diciembre , el mes de luces de ne\u00f3n que nos gu\u00edan, como una estrella de Bel\u00e9n, a los centros comerciales aunque tengamos  bolsillos vac\u00edos, piensan que todav\u00eda  quedar\u00e1  entre los forros. Este a\u00f1o tendremos que cambiar costumbres y moderar ese despilfarro navide\u00f1o  porque la maldita prima de riesgo nos tiene asustado y a dos velas. \u00bfQue hacemos con los ni\u00f1os? \u00bfles decimos que los reyes son las padres y que los padres no tienen porque no son reyes?, ni siquiera yernos.<br \/>\nLos restaurantes quieren llenar sus locales con ofertas para comidas de empresa. Pero los \u00fanicos que  llenan comedores son los de  C\u00e1ritas. ya quedan pocas empresas. Otro diciembre con pobres que piden a las puertas de grandes almacenes a quienes  pasean por las alrededor vigilando cuando sacan lo caducado al contenedor de basura. Hay m\u00e1s ambiente fuera que dentro. Empieza un diciembre  raro. No sabemos como acabar\u00e1 para todos aquellos, que ni despu\u00e9s de haber hecho cola en Do\u00f1a Manolita, tuvieron suerte.<\/p>\n<!-- AddThis Advanced Settings generic via filter on the_content --><!-- AddThis Share Buttons generic via filter on the_content -->","protected":false},"excerpt":{"rendered":"<p>Ya estamos otra vez en diciembre y muchos a\u00fan van por la cuesta de enero. \u00bfQue hacer el mes del consumo? El mes que se invent\u00f3 la paga extraordinaria para gastarla entera y un poco m\u00e1s si este a\u00f1o hay muchos que no tienen ni paga simple. Diciembre , el mes de luces de ne\u00f3n [&hellip;]<!-- AddThis Advanced Settings generic via filter on get_the_excerpt --><!-- AddThis Share Buttons generic via filter on get_the_excerpt --><\/p>\n","protected":false},"author":10,"featured_media":0,"comment_status":"open","ping_status":"closed","sticky":false,"template":"","format":"standard","meta":[],"categories":[4],"tags":[],"_links":{"self":[{"href":"https:\/\/blogs.hoy.es\/migas-canas\/wp-json\/wp\/v2\/posts\/90"}],"collection":[{"href":"https:\/\/blogs.hoy.es\/migas-canas\/wp-json\/wp\/v2\/posts"}],"about":[{"href":"https:\/\/blogs.hoy.es\/migas-canas\/wp-json\/wp\/v2\/types\/post"}],"author":[{"embeddable":true,"href":"https:\/\/blogs.hoy.es\/migas-canas\/wp-json\/wp\/v2\/users\/10"}],"replies":[{"embeddable":true,"href":"https:\/\/blogs.hoy.es\/migas-canas\/wp-json\/wp\/v2\/comments?post=90"}],"version-history":[{"count":0,"href":"https:\/\/blogs.hoy.es\/migas-canas\/wp-json\/wp\/v2\/posts\/90\/revisions"}],"wp:attachment":[{"href":"https:\/\/blogs.hoy.es\/migas-canas\/wp-json\/wp\/v2\/media?parent=90"}],"wp:term":[{"taxonomy":"category","embeddable":true,"href":"https:\/\/blogs.hoy.es\/migas-canas\/wp-json\/wp\/v2\/categories?post=90"},{"taxonomy":"post_tag","embeddable":true,"href":"https:\/\/blogs.hoy.es\/migas-canas\/wp-json\/wp\/v2\/tags?post=90"}],"curies":[{"name":"wp","href":"https:\/\/api.w.org\/{rel}","templated":true}]}}