{"id":900,"date":"2016-08-22T17:46:26","date_gmt":"2016-08-22T16:46:26","guid":{"rendered":"http:\/\/blogs.hoy.es\/migas-canas\/?p=900"},"modified":"2016-08-22T17:46:26","modified_gmt":"2016-08-22T16:46:26","slug":"viaje-en-autobus-a-la-playa","status":"publish","type":"post","link":"https:\/\/blogs.hoy.es\/migas-canas\/2016\/08\/22\/viaje-en-autobus-a-la-playa\/","title":{"rendered":"VIAJE EN AUTOB\u00daS"},"content":{"rendered":"<p><a href=\"\/migas-canas\/wp-content\/uploads\/sites\/8\/2016\/08\/DSC00692-2.jpg\"><img loading=\"lazy\" class=\"aligncenter size-full wp-image-901\" title=\"DSC00692 (2)\" src=\"\/migas-canas\/wp-content\/uploads\/sites\/8\/2016\/08\/DSC00692-2.jpg\" alt=\"\" width=\"644\" height=\"483\" srcset=\"https:\/\/static-blogs.hoy.es\/wp-content\/uploads\/sites\/8\/2016\/08\/DSC00692-2.jpg 644w, https:\/\/static-blogs.hoy.es\/wp-content\/uploads\/sites\/8\/2016\/08\/DSC00692-2-300x225.jpg 300w\" sizes=\"(max-width: 644px) 100vw, 644px\" \/><\/a>Intentando averiguar donde iban tantas personas de madrugada los domingos con utensilios playeros en una ciudad que solo tiene un r\u00edo plagado de nen\u00fafares,<strong> descubr\u00ed los viajes a la playa de un d\u00eda en autob\u00fas, y me apunt\u00e9.<\/strong><\/p>\n<p>Faltaban 10 minutos para las 8 de la ma\u00f1ana. Estaban<strong> todos los viajeros preparados en el lugar acordado armados con sillas, sombrillas y nevera<\/strong> para luchar contra el calor y la arena. El conductor abri\u00f3 la puerta, colocamos las armas en el maletero vestidos como<strong> un ejercito desigual camuflado con chanclas, toallas, zapatillas, ba\u00f1adores de colores: amarillos, celestes, naranjas,&#8230;<\/strong> Me sent\u00e9 junto a la ventanilla. Hac\u00eda tiempo que no me montaba en un autob\u00fas. La \u00faltima vez que lo hice ten\u00edan un cartel donde se le\u00eda zona para fumadores y no fumadores.<\/p>\n<p><a href=\"\/migas-canas\/wp-content\/uploads\/sites\/8\/2016\/08\/DSC00645-3.jpg\"><img loading=\"lazy\" class=\"aligncenter size-full wp-image-902\" title=\"DSC00645 (3)\" src=\"\/migas-canas\/wp-content\/uploads\/sites\/8\/2016\/08\/DSC00645-3.jpg\" alt=\"\" width=\"644\" height=\"483\" srcset=\"https:\/\/static-blogs.hoy.es\/wp-content\/uploads\/sites\/8\/2016\/08\/DSC00645-3.jpg 644w, https:\/\/static-blogs.hoy.es\/wp-content\/uploads\/sites\/8\/2016\/08\/DSC00645-3-300x225.jpg 300w\" sizes=\"(max-width: 644px) 100vw, 644px\" \/><\/a> <strong>Una suave y educada voz femenina nos daba la bienvenida por los altavoces anunciando que en dos horas llegar\u00edamos a la playa de Meco<\/strong> <strong>en Portugal<\/strong>. Seg\u00fan la gu\u00eda y organizadora del viaje,<strong> una playa aislada donde se perd\u00edan artistas y bohemios para abstraerse del mundo.<\/strong> Ser\u00eda en ese tiempo libre que les queda mientras se dan premios entre ellos para quejarse de la falta de trabajo.<\/p>\n<p><a href=\"\/migas-canas\/wp-content\/uploads\/sites\/8\/2016\/08\/DSC00712-3.jpg\"><img loading=\"lazy\" class=\"aligncenter size-full wp-image-903\" title=\"DSC00712 (3)\" src=\"\/migas-canas\/wp-content\/uploads\/sites\/8\/2016\/08\/DSC00712-3.jpg\" alt=\"\" width=\"644\" height=\"483\" srcset=\"https:\/\/static-blogs.hoy.es\/wp-content\/uploads\/sites\/8\/2016\/08\/DSC00712-3.jpg 644w, https:\/\/static-blogs.hoy.es\/wp-content\/uploads\/sites\/8\/2016\/08\/DSC00712-3-300x225.jpg 300w\" sizes=\"(max-width: 644px) 100vw, 644px\" \/><\/a>Quer\u00eda hacer el viaje de los que no tienen tiempo o dinero para irse de vacaciones y he descubierto una opci\u00f3n para fines de semana de calor insoportable.<strong> Pas\u00e9 un domingo sin f\u00fatbol, rebozado en arena junto a otros cuerpos pringosos de protecci\u00f3n 50.<\/strong> Cuerpos brillantes por el sudor recorr\u00edan la orilla a toda velocidad, estilo Rajoy, hundi\u00e9ndose en una suave y tibia arena. Cuerpos deformados por excesos juntos a hermosos <a href=\"\/migas-canas\/wp-content\/uploads\/sites\/8\/2016\/08\/DSC00663-2.jpg\"><img loading=\"lazy\" class=\"aligncenter size-full wp-image-904\" title=\"DSC00663 (2)\" src=\"\/migas-canas\/wp-content\/uploads\/sites\/8\/2016\/08\/DSC00663-2.jpg\" alt=\"\" width=\"644\" height=\"483\" srcset=\"https:\/\/static-blogs.hoy.es\/wp-content\/uploads\/sites\/8\/2016\/08\/DSC00663-2.jpg 644w, https:\/\/static-blogs.hoy.es\/wp-content\/uploads\/sites\/8\/2016\/08\/DSC00663-2-300x225.jpg 300w\" sizes=\"(max-width: 644px) 100vw, 644px\" \/><\/a>cuerpos modelados con sudor.<strong> Cuando el mar empezaba a adquirir tonalidades plata y el sol provocaba a las c\u00e1maras de fotos para que salieran de su letargo lleg\u00f3 el momento de la retirada<\/strong>. Sombrillas recogidas, sillas plegadas,arena incrustada y otra vez camino del autob\u00fas para ver anochecer entre el murmullo de excursionistas enrojecidos por el sol<strong>. Hasta el pr\u00f3ximo domingo.<\/strong><\/p>\n<!-- AddThis Advanced Settings generic via filter on the_content --><!-- AddThis Share Buttons generic via filter on the_content -->","protected":false},"excerpt":{"rendered":"<p>Intentando averiguar donde iban tantas personas de madrugada los domingos con utensilios playeros en una ciudad que solo tiene un r\u00edo plagado de nen\u00fafares, descubr\u00ed los viajes a la playa de un d\u00eda en autob\u00fas, y me apunt\u00e9. Faltaban 10 minutos para las 8 de la ma\u00f1ana. Estaban todos los viajeros preparados en el lugar [&hellip;]<!-- AddThis Advanced Settings generic via filter on get_the_excerpt --><!-- AddThis Share Buttons generic via filter on get_the_excerpt --><\/p>\n","protected":false},"author":11,"featured_media":0,"comment_status":"open","ping_status":"closed","sticky":false,"template":"","format":"standard","meta":[],"categories":[2],"tags":[80,110,256,709,761,765,855,870],"_links":{"self":[{"href":"https:\/\/blogs.hoy.es\/migas-canas\/wp-json\/wp\/v2\/posts\/900"}],"collection":[{"href":"https:\/\/blogs.hoy.es\/migas-canas\/wp-json\/wp\/v2\/posts"}],"about":[{"href":"https:\/\/blogs.hoy.es\/migas-canas\/wp-json\/wp\/v2\/types\/post"}],"author":[{"embeddable":true,"href":"https:\/\/blogs.hoy.es\/migas-canas\/wp-json\/wp\/v2\/users\/11"}],"replies":[{"embeddable":true,"href":"https:\/\/blogs.hoy.es\/migas-canas\/wp-json\/wp\/v2\/comments?post=900"}],"version-history":[{"count":0,"href":"https:\/\/blogs.hoy.es\/migas-canas\/wp-json\/wp\/v2\/posts\/900\/revisions"}],"wp:attachment":[{"href":"https:\/\/blogs.hoy.es\/migas-canas\/wp-json\/wp\/v2\/media?parent=900"}],"wp:term":[{"taxonomy":"category","embeddable":true,"href":"https:\/\/blogs.hoy.es\/migas-canas\/wp-json\/wp\/v2\/categories?post=900"},{"taxonomy":"post_tag","embeddable":true,"href":"https:\/\/blogs.hoy.es\/migas-canas\/wp-json\/wp\/v2\/tags?post=900"}],"curies":[{"name":"wp","href":"https:\/\/api.w.org\/{rel}","templated":true}]}}