{"id":910,"date":"2016-09-12T21:53:35","date_gmt":"2016-09-12T20:53:35","guid":{"rendered":"http:\/\/blogs.hoy.es\/migas-canas\/?p=910"},"modified":"2016-09-12T21:53:35","modified_gmt":"2016-09-12T20:53:35","slug":"septiembre-piensa-en-diciembre","status":"publish","type":"post","link":"https:\/\/blogs.hoy.es\/migas-canas\/2016\/09\/12\/septiembre-piensa-en-diciembre\/","title":{"rendered":"SEPTIEMBRE PIENSA EN DICIEMBRE"},"content":{"rendered":"<p>Llega septiembre con atardeceres de plata a rescatarme de un verano pacense de fuego.<\/p>\n<p>Llega septiembre con los peri\u00f3dicos ardiendo.<\/p>\n<p><strong>Llega septiembre pensando en el 25 de diciembre y pregunt\u00e1ndose la calle como es posible que a\u00fan no tengamos Gobierno.<\/strong><\/p>\n<p><a href=\"\/migas-canas\/wp-content\/uploads\/sites\/8\/2016\/09\/DSCN1979-2.jpg\"><img loading=\"lazy\" class=\"aligncenter size-full wp-image-911\" title=\"DSCN1979 (2)\" src=\"\/migas-canas\/wp-content\/uploads\/sites\/8\/2016\/09\/DSCN1979-2.jpg\" alt=\"\" width=\"576\" height=\"368\" srcset=\"https:\/\/static-blogs.hoy.es\/wp-content\/uploads\/sites\/8\/2016\/09\/DSCN1979-2.jpg 576w, https:\/\/static-blogs.hoy.es\/wp-content\/uploads\/sites\/8\/2016\/09\/DSCN1979-2-300x192.jpg 300w\" sizes=\"(max-width: 576px) 100vw, 576px\" \/><\/a>Sabemos que existen tres mundos diferentes en uno solo: futbolistas, pol\u00edticos y el resto.<strong> El mismo esfuerzo que hacen cada cuatro a\u00f1os para entendernos cuando descienden a la tierra desde sus poltronas para besar ni\u00f1os y comer <\/strong>en comedores sociales nos cuesta a nosotros descifrar ese mundo endog\u00e1mico y engre\u00eddo de pol\u00edticos profesionales en el que no respetan nuestros votos. Pensaran que vamos a las urnas para<strong> elegir Presidente igual que cuando elegimos a Chiquilicuatre para Eurovisi\u00f3n.<\/strong> Nuestra opini\u00f3n no importa despu\u00e9s de habernos pronunciado dos veces en las urnas diciendo que tienen que llegar a acuerdos. Cuando el odio personal supera a el objetivo final, pasa esto.<\/p>\n<p><a href=\"\/migas-canas\/wp-content\/uploads\/sites\/8\/2016\/09\/DSCN1513-1.jpg\"><img loading=\"lazy\" class=\"aligncenter size-full wp-image-912\" title=\"DSCN1513 (1)\" src=\"\/migas-canas\/wp-content\/uploads\/sites\/8\/2016\/09\/DSCN1513-1.jpg\" alt=\"\" width=\"576\" height=\"432\" srcset=\"https:\/\/static-blogs.hoy.es\/wp-content\/uploads\/sites\/8\/2016\/09\/DSCN1513-1.jpg 576w, https:\/\/static-blogs.hoy.es\/wp-content\/uploads\/sites\/8\/2016\/09\/DSCN1513-1-300x225.jpg 300w\" sizes=\"(max-width: 576px) 100vw, 576px\" \/><\/a>Probablemente se celebraran terceras elecciones el 25 de diciembre. He estado esperando antes de enviar este art\u00edculo al peri\u00f3dico por si se produc\u00eda a \u00faltima hora un Tamayazo. Otro gallo cantar\u00eda si los votos fuesen secretos en lugar de nominativos y p\u00fablicos. En esa intercomunicaci\u00f3n entre pol\u00edticos y ciudadanos que se da cada cuatro a\u00f1os necesitan, adem\u00e1s del voto,<strong> formar las mesas electorales para fastidiar las navidades a los desafortunados que les toque, As\u00ed, el 25 de diciembre,las cabinas con las papeletas de de los candidatos, estropearan la id\u00edlica est\u00e9tica de colegios con dibujos de palomas de Alberti, portales de Bel\u00e9n y mensajes de amor y paz.<\/strong><\/p>\n<p><a href=\"\/migas-canas\/wp-content\/uploads\/sites\/8\/2016\/09\/DSCN1521-1.jpg\"><img loading=\"lazy\" class=\"aligncenter size-full wp-image-913\" title=\"DSCN1521 (1)\" src=\"\/migas-canas\/wp-content\/uploads\/sites\/8\/2016\/09\/DSCN1521-1.jpg\" alt=\"\" width=\"576\" height=\"432\" srcset=\"https:\/\/static-blogs.hoy.es\/wp-content\/uploads\/sites\/8\/2016\/09\/DSCN1521-1.jpg 576w, https:\/\/static-blogs.hoy.es\/wp-content\/uploads\/sites\/8\/2016\/09\/DSCN1521-1-300x225.jpg 300w\" sizes=\"(max-width: 576px) 100vw, 576px\" \/><\/a><strong>Por cierto, ya que pagan porque no eligen para las mesas a desempleados.<\/strong><\/p>\n<p>Seg\u00fan las encuestas Rajoy volver\u00e1 a dar saltitos en el balc\u00f3n de G\u00e9nova por el triunfo. Quiz\u00e1s esta vez vestido con un gorrito y un matasuegra aunque puede ser que en esta ocasi\u00f3n los resultados sean diferentes.<strong> Un pueblo que votar\u00e1 con el chispeante champ\u00e1n bailando en sus cabezas. Sabemos que, inevitablemente, nos transformamos en Navidad poni\u00e9ndonos m\u00e1s bizcochones y tiernos, m\u00e1s humanos, aunque no s\u00e9 a que partido beneficiara esto, probablemente a la abstenci\u00f3n. No encuentro relaci\u00f3n entre ternura y pol\u00edtica.\u00a0<\/strong><\/p>\n<!-- AddThis Advanced Settings generic via filter on the_content --><!-- AddThis Share Buttons generic via filter on the_content -->","protected":false},"excerpt":{"rendered":"<p>Llega septiembre con atardeceres de plata a rescatarme de un verano pacense de fuego. Llega septiembre con los peri\u00f3dicos ardiendo. Llega septiembre pensando en el 25 de diciembre y pregunt\u00e1ndose la calle como es posible que a\u00fan no tengamos Gobierno. Sabemos que existen tres mundos diferentes en uno solo: futbolistas, pol\u00edticos y el resto. El [&hellip;]<!-- AddThis Advanced Settings generic via filter on get_the_excerpt --><!-- AddThis Share Buttons generic via filter on get_the_excerpt --><\/p>\n","protected":false},"author":11,"featured_media":0,"comment_status":"open","ping_status":"closed","sticky":false,"template":"","format":"standard","meta":[],"categories":[2],"tags":[26,264,784,828,898],"_links":{"self":[{"href":"https:\/\/blogs.hoy.es\/migas-canas\/wp-json\/wp\/v2\/posts\/910"}],"collection":[{"href":"https:\/\/blogs.hoy.es\/migas-canas\/wp-json\/wp\/v2\/posts"}],"about":[{"href":"https:\/\/blogs.hoy.es\/migas-canas\/wp-json\/wp\/v2\/types\/post"}],"author":[{"embeddable":true,"href":"https:\/\/blogs.hoy.es\/migas-canas\/wp-json\/wp\/v2\/users\/11"}],"replies":[{"embeddable":true,"href":"https:\/\/blogs.hoy.es\/migas-canas\/wp-json\/wp\/v2\/comments?post=910"}],"version-history":[{"count":0,"href":"https:\/\/blogs.hoy.es\/migas-canas\/wp-json\/wp\/v2\/posts\/910\/revisions"}],"wp:attachment":[{"href":"https:\/\/blogs.hoy.es\/migas-canas\/wp-json\/wp\/v2\/media?parent=910"}],"wp:term":[{"taxonomy":"category","embeddable":true,"href":"https:\/\/blogs.hoy.es\/migas-canas\/wp-json\/wp\/v2\/categories?post=910"},{"taxonomy":"post_tag","embeddable":true,"href":"https:\/\/blogs.hoy.es\/migas-canas\/wp-json\/wp\/v2\/tags?post=910"}],"curies":[{"name":"wp","href":"https:\/\/api.w.org\/{rel}","templated":true}]}}