{"id":915,"date":"2016-09-28T21:43:03","date_gmt":"2016-09-28T20:43:03","guid":{"rendered":"http:\/\/blogs.hoy.es\/migas-canas\/?p=915"},"modified":"2016-09-28T21:43:03","modified_gmt":"2016-09-28T20:43:03","slug":"mundos-diferentes","status":"publish","type":"post","link":"https:\/\/blogs.hoy.es\/migas-canas\/2016\/09\/28\/mundos-diferentes\/","title":{"rendered":"MUNDOS DIFERENTES"},"content":{"rendered":"<p><a href=\"\/migas-canas\/wp-content\/uploads\/sites\/8\/2016\/09\/DSC00051-2.jpg\"><img loading=\"lazy\" class=\"aligncenter size-full wp-image-916\" title=\"DSC00051 (2)\" src=\"\/migas-canas\/wp-content\/uploads\/sites\/8\/2016\/09\/DSC00051-2.jpg\" alt=\"\" width=\"644\" height=\"483\" srcset=\"https:\/\/static-blogs.hoy.es\/wp-content\/uploads\/sites\/8\/2016\/09\/DSC00051-2.jpg 644w, https:\/\/static-blogs.hoy.es\/wp-content\/uploads\/sites\/8\/2016\/09\/DSC00051-2-300x225.jpg 300w\" sizes=\"(max-width: 644px) 100vw, 644px\" \/><\/a><strong>Una Plaza Alta atr\u00e1s tuve la osad\u00eda de escribir de pol\u00edtica<\/strong>. Escrib\u00ed sobre el fallido debate de investidura de Rajoy y las futuras elecciones en Navidad. Despu\u00e9s de darle vueltas al art\u00edculo para intentar decir, que<strong> era mejor la abstenci\u00f3n del PSOE y que saliera elegido el partido m\u00e1s votado<\/strong> para que hubiese gobierno, el d\u00eda que se publica el art\u00edculo, nos enteramos de<strong> lo de el ex ministro Soria<\/strong>. Entonces el texto deja de tener sentido, ya no quiero decir lo que dije.<\/p>\n<p><strong>Despu\u00e9s del varapalo que le dieron a Rajoy en el intento de investidura con el tema de la corrupci\u00f3n decide nombrar a Soria para un puesto tan importante y tan bien remunerado. La \u00fanica explicaci\u00f3n posible es que han perdido el sentido de lo que esta bien o mal<\/strong>, viven un mundo diferente.<\/p>\n<p><a href=\"\/migas-canas\/wp-content\/uploads\/sites\/8\/2016\/09\/DSC01651-3.jpg\"><img loading=\"lazy\" class=\"aligncenter size-full wp-image-917\" title=\"DSC01651 (3)\" src=\"\/migas-canas\/wp-content\/uploads\/sites\/8\/2016\/09\/DSC01651-3.jpg\" alt=\"\" width=\"644\" height=\"483\" srcset=\"https:\/\/static-blogs.hoy.es\/wp-content\/uploads\/sites\/8\/2016\/09\/DSC01651-3.jpg 644w, https:\/\/static-blogs.hoy.es\/wp-content\/uploads\/sites\/8\/2016\/09\/DSC01651-3-300x225.jpg 300w\" sizes=\"(max-width: 644px) 100vw, 644px\" \/><\/a>A estas alturas, cuando usted lea esto, ya nadie se acordar\u00e1 de Soria, habr\u00e1n pasado muchas m\u00e1s cosas, probablemente, si vamos a unas terceras elecciones, los votantes del PP tampoco lo recordar\u00e1n. El rencor no existe entre los electores que prefieren quedarse como est\u00e1n antes de aventurarse a lo nuevo.<\/p>\n<p><a href=\"\/migas-canas\/wp-content\/uploads\/sites\/8\/2016\/09\/DSCN1763-3.jpg\"><img loading=\"lazy\" class=\"aligncenter size-full wp-image-918\" title=\"DSCN1763 (3)\" src=\"\/migas-canas\/wp-content\/uploads\/sites\/8\/2016\/09\/DSCN1763-3.jpg\" alt=\"\" width=\"576\" height=\"432\" srcset=\"https:\/\/static-blogs.hoy.es\/wp-content\/uploads\/sites\/8\/2016\/09\/DSCN1763-3.jpg 576w, https:\/\/static-blogs.hoy.es\/wp-content\/uploads\/sites\/8\/2016\/09\/DSCN1763-3-300x225.jpg 300w\" sizes=\"(max-width: 576px) 100vw, 576px\" \/><\/a>Quien soy yo para meterme en estos berejenales. <strong>Muy pocas veces he tocado temas pol\u00edticos<\/strong>. No me atraen, tienen poca poes\u00eda, poco ritmo, no enganchan. Pol\u00edtica no rima con amor, con ternura ni con nen\u00fafares blancos. Que hago yo escribiendo de pol\u00edtica <strong>cuando tengo pendiente hacerlo sobre la panader\u00eda del pasaje de los Zafer: Tina y Alfons\u00ed,<\/strong> dos socias que se levantan a las cinco de la ma\u00f1ana desde hace m\u00e1s de 20 a\u00f1os para hacer pan, dulces, tartas&#8230; y venderlos en la tienda hasta las 8 de la noche, <strong>o esa pareja, a la que veo desde hace a\u00f1os pasar por Condes de Barcelona. \u00c9l empuja la silla de rueda con el mismo mimo que a\u00f1os atr\u00e1s la ayudaba a caminar agarrados del brazo<\/strong>, cuando ella todav\u00eda pod\u00eda caminar. Tambi\u00e9n esto es pol\u00edtica. Para esto deber\u00eda servir la pol\u00edtica, para ayudar y no para buscar, adem\u00e1s de la vanidad, intereses personales y de partido sin pensar en las personas.<\/p>\n<p>P.D<strong>. Hoy se habla de Rita Barber\u00e1 pegada al sill\u00f3n. Cuando esto se publique ser\u00e1 otro el esc\u00e1ndalo mientras Tina y Alfonsi siguen, levant\u00e1ndose a las 5 y \u00e9l continuo empujando con mimo la silla de ruedas de su mujer. Vivimos mundo diferentes.<\/strong><\/p>\n<p>&nbsp;<\/p>\n<p>&nbsp;<\/p>\n<p>Diego Algaba Mansilla<\/p>\n<p>&nbsp;<\/p>\n<p>&nbsp;<\/p>\n<!-- AddThis Advanced Settings generic via filter on the_content --><!-- AddThis Share Buttons generic via filter on the_content -->","protected":false},"excerpt":{"rendered":"<p>Una Plaza Alta atr\u00e1s tuve la osad\u00eda de escribir de pol\u00edtica. Escrib\u00ed sobre el fallido debate de investidura de Rajoy y las futuras elecciones en Navidad. Despu\u00e9s de darle vueltas al art\u00edculo para intentar decir, que era mejor la abstenci\u00f3n del PSOE y que saliera elegido el partido m\u00e1s votado para que hubiese gobierno, el [&hellip;]<!-- AddThis Advanced Settings generic via filter on get_the_excerpt --><!-- AddThis Share Buttons generic via filter on get_the_excerpt --><\/p>\n","protected":false},"author":11,"featured_media":0,"comment_status":"open","ping_status":"closed","sticky":false,"template":"","format":"standard","meta":[],"categories":[2],"tags":[12,32,299,784,795,828,899,919,984,1018],"_links":{"self":[{"href":"https:\/\/blogs.hoy.es\/migas-canas\/wp-json\/wp\/v2\/posts\/915"}],"collection":[{"href":"https:\/\/blogs.hoy.es\/migas-canas\/wp-json\/wp\/v2\/posts"}],"about":[{"href":"https:\/\/blogs.hoy.es\/migas-canas\/wp-json\/wp\/v2\/types\/post"}],"author":[{"embeddable":true,"href":"https:\/\/blogs.hoy.es\/migas-canas\/wp-json\/wp\/v2\/users\/11"}],"replies":[{"embeddable":true,"href":"https:\/\/blogs.hoy.es\/migas-canas\/wp-json\/wp\/v2\/comments?post=915"}],"version-history":[{"count":0,"href":"https:\/\/blogs.hoy.es\/migas-canas\/wp-json\/wp\/v2\/posts\/915\/revisions"}],"wp:attachment":[{"href":"https:\/\/blogs.hoy.es\/migas-canas\/wp-json\/wp\/v2\/media?parent=915"}],"wp:term":[{"taxonomy":"category","embeddable":true,"href":"https:\/\/blogs.hoy.es\/migas-canas\/wp-json\/wp\/v2\/categories?post=915"},{"taxonomy":"post_tag","embeddable":true,"href":"https:\/\/blogs.hoy.es\/migas-canas\/wp-json\/wp\/v2\/tags?post=915"}],"curies":[{"name":"wp","href":"https:\/\/api.w.org\/{rel}","templated":true}]}}