{"id":92,"date":"2011-12-15T11:10:01","date_gmt":"2011-12-15T10:10:01","guid":{"rendered":"http:\/\/blogs.hoy.es\/migas-canas\/?p=92"},"modified":"2011-12-15T11:10:01","modified_gmt":"2011-12-15T10:10:01","slug":"niebla-2","status":"publish","type":"post","link":"https:\/\/blogs.hoy.es\/migas-canas\/2011\/12\/15\/niebla-2\/","title":{"rendered":"NIEBLA"},"content":{"rendered":"<p><a href=\"\/migas-canas\/wp-content\/uploads\/sites\/8\/2011\/12\/549042_4844995365461_263763933_n.jpg\"><img loading=\"lazy\" class=\"aligncenter size-medium wp-image-189\" title=\"549042_4844995365461_263763933_n\" src=\"\/migas-canas\/wp-content\/uploads\/sites\/8\/2011\/12\/549042_4844995365461_263763933_n.jpg\" alt=\"\" width=\"300\" height=\"300\" srcset=\"https:\/\/static-blogs.hoy.es\/wp-content\/uploads\/sites\/8\/2011\/12\/549042_4844995365461_263763933_n.jpg 403w, https:\/\/static-blogs.hoy.es\/wp-content\/uploads\/sites\/8\/2011\/12\/549042_4844995365461_263763933_n-150x150.jpg 150w, https:\/\/static-blogs.hoy.es\/wp-content\/uploads\/sites\/8\/2011\/12\/549042_4844995365461_263763933_n-300x300.jpg 300w\" sizes=\"(max-width: 300px) 100vw, 300px\" \/><\/a>En las tardes de niebla me gustar\u00eda ser poeta para contar lo que siento, pero como no lo soy, solo cuento lo que veo.y veo desde el puente Real a decenas de trabajadores, vestidos de verde, que limpian los restos de un mercadillo donde venden camisetas a 10 euros y libros de Neruda al peso porque no siempre el valor de las cosas corresponde con su precio. Veo como el rio avanza lento. Atraviesa en silencio la niebla entre orillas de vegetaci\u00f3n salvaje y miles de p\u00e1jaros blancos. Piraguistas se deslizan encima de las aguas remando en contra y a favor de la corriente. Un fot\u00f3grafo capta el momento. Cientos de coches circulan por encima del puente parece que hay m\u00e1s coches que carretera pero todos se organizan en un acuerdo de prioridades para evitar accidentes. Corredores, ciclistas y peatones dan color y sudor a las aceras Mientras la torre de la caja se levanta como un gigante que todo lo vigila hay que la levantar la cabeza para mirar su infinito techo pero a mi se me va la vista a lo peque\u00f1o a ese candado sellado para siempre en la barandilla con el nombre de Mar\u00eda y de Pedro. Me gustar\u00eda ser poeta y poder escribir lo que siento pero solo cuento lo que veo. Me gustar\u00eda ser cr\u00edtico y hablar de la diferencia entre una orilla y la otra,del tr\u00e1fico, del poder del dinero pero en esta tarde no quiero que nada interrumpa la paz que me produce la estampa nublada de un rio que en el fondo guarda la llave de un candado peque\u00f1o.<\/p>\n<!-- AddThis Advanced Settings generic via filter on the_content --><!-- AddThis Share Buttons generic via filter on the_content -->","protected":false},"excerpt":{"rendered":"<p>En las tardes de niebla me gustar\u00eda ser poeta para contar lo que siento, pero como no lo soy, solo cuento lo que veo.y veo desde el puente Real a decenas de trabajadores, vestidos de verde, que limpian los restos de un mercadillo donde venden camisetas a 10 euros y libros de Neruda al peso [&hellip;]<!-- AddThis Advanced Settings generic via filter on get_the_excerpt --><!-- AddThis Share Buttons generic via filter on get_the_excerpt --><\/p>\n","protected":false},"author":10,"featured_media":0,"comment_status":"open","ping_status":"closed","sticky":false,"template":"","format":"standard","meta":[],"categories":[3],"tags":[205,524,766,890],"_links":{"self":[{"href":"https:\/\/blogs.hoy.es\/migas-canas\/wp-json\/wp\/v2\/posts\/92"}],"collection":[{"href":"https:\/\/blogs.hoy.es\/migas-canas\/wp-json\/wp\/v2\/posts"}],"about":[{"href":"https:\/\/blogs.hoy.es\/migas-canas\/wp-json\/wp\/v2\/types\/post"}],"author":[{"embeddable":true,"href":"https:\/\/blogs.hoy.es\/migas-canas\/wp-json\/wp\/v2\/users\/10"}],"replies":[{"embeddable":true,"href":"https:\/\/blogs.hoy.es\/migas-canas\/wp-json\/wp\/v2\/comments?post=92"}],"version-history":[{"count":0,"href":"https:\/\/blogs.hoy.es\/migas-canas\/wp-json\/wp\/v2\/posts\/92\/revisions"}],"wp:attachment":[{"href":"https:\/\/blogs.hoy.es\/migas-canas\/wp-json\/wp\/v2\/media?parent=92"}],"wp:term":[{"taxonomy":"category","embeddable":true,"href":"https:\/\/blogs.hoy.es\/migas-canas\/wp-json\/wp\/v2\/categories?post=92"},{"taxonomy":"post_tag","embeddable":true,"href":"https:\/\/blogs.hoy.es\/migas-canas\/wp-json\/wp\/v2\/tags?post=92"}],"curies":[{"name":"wp","href":"https:\/\/api.w.org\/{rel}","templated":true}]}}