{"id":923,"date":"2016-10-12T08:24:29","date_gmt":"2016-10-12T07:24:29","guid":{"rendered":"http:\/\/blogs.hoy.es\/migas-canas\/?p=923"},"modified":"2016-10-12T08:24:29","modified_gmt":"2016-10-12T07:24:29","slug":"con-lo-que-uno-ha-sido","status":"publish","type":"post","link":"https:\/\/blogs.hoy.es\/migas-canas\/2016\/10\/12\/con-lo-que-uno-ha-sido\/","title":{"rendered":"CON LO QUE UNO HA SIDO"},"content":{"rendered":"<p><a href=\"\/migas-canas\/wp-content\/uploads\/sites\/8\/2016\/10\/DSC01769.jpg\"><img loading=\"lazy\" class=\"aligncenter size-full wp-image-924\" title=\"DSC01769\" src=\"\/migas-canas\/wp-content\/uploads\/sites\/8\/2016\/10\/DSC01769.jpg\" alt=\"\" width=\"644\" height=\"483\" srcset=\"https:\/\/static-blogs.hoy.es\/wp-content\/uploads\/sites\/8\/2016\/10\/DSC01769.jpg 644w, https:\/\/static-blogs.hoy.es\/wp-content\/uploads\/sites\/8\/2016\/10\/DSC01769-300x225.jpg 300w\" sizes=\"(max-width: 644px) 100vw, 644px\" \/><\/a>Pedaleaba en una bicicleta est\u00e1ticas delante de mi. Ese d\u00eda no hab\u00eda muchos deportistas en el gimnasio y pod\u00eda ver sin dificultad como brincaba, sobre su espalda morena, una trenza larga que segu\u00eda el ritmo de las pedaladas.<strong> Un cuerpo l\u00edrico, fuerte, y femenino dentro de un maillot celeste. Se mov\u00eda con una elegancia natural,<\/strong> gestos que no se aprenden y con los que algunos afortunados nacen y otros sue\u00f1an. Manos largas de u\u00f1as largas que prolongan un cuerpo de mujer atl\u00e9tico y femenino.<strong> Parec\u00eda una diosa que hubiese bajado a la tierra para mostrar a los humanos los secretos de la belleza<\/strong>. No suelo mirar en el gimnasio porque los dem\u00e1s tampoco lo hacen pero a ella si la miro, me gusta verla, me hipnotiza su ritmo, su cadencia,su elegancia, su belleza.<\/p>\n<p><a href=\"\/migas-canas\/wp-content\/uploads\/sites\/8\/2016\/10\/DSC01777-2.jpg\"><img loading=\"lazy\" class=\"aligncenter size-full wp-image-925\" title=\"DSC01777 (2)\" src=\"\/migas-canas\/wp-content\/uploads\/sites\/8\/2016\/10\/DSC01777-2.jpg\" alt=\"\" width=\"607\" height=\"455\" srcset=\"https:\/\/static-blogs.hoy.es\/wp-content\/uploads\/sites\/8\/2016\/10\/DSC01777-2.jpg 607w, https:\/\/static-blogs.hoy.es\/wp-content\/uploads\/sites\/8\/2016\/10\/DSC01777-2-300x225.jpg 300w\" sizes=\"(max-width: 607px) 100vw, 607px\" \/><\/a>Pedalea sin descomponer la figura. Pas\u00e9 a su lado.<strong> Me hubiera gustado invitarla a cenar, pero para prolongar la ilusi\u00f3n y evitar la crueldad del no, solo le pregunte la edad,<\/strong> ni siquiera su nombre.<strong> 30 a\u00f1os<\/strong>. No fue una pregunta cualquiera. No pregunt\u00e9 yo. Pregunt\u00f3 el subconsciente. Desde hace alg\u00fan tiempo me preocupa el paso del tiempo. La injusticia de los a\u00f1os cumplidos y esa desigualdad entre deseo y vejez. Uno cada vez es menos deseable, aunque siga deseando.<\/p>\n<p><a href=\"\/migas-canas\/wp-content\/uploads\/sites\/8\/2016\/10\/DSC01757-2.jpg\"><img loading=\"lazy\" class=\"aligncenter size-full wp-image-926\" title=\"DSC01757 (2)\" src=\"\/migas-canas\/wp-content\/uploads\/sites\/8\/2016\/10\/DSC01757-2.jpg\" alt=\"\" width=\"644\" height=\"483\" srcset=\"https:\/\/static-blogs.hoy.es\/wp-content\/uploads\/sites\/8\/2016\/10\/DSC01757-2.jpg 644w, https:\/\/static-blogs.hoy.es\/wp-content\/uploads\/sites\/8\/2016\/10\/DSC01757-2-300x225.jpg 300w\" sizes=\"(max-width: 644px) 100vw, 644px\" \/><\/a><strong>Los ni\u00f1os quieren ser mayores porque todav\u00eda no conocen las trampas de los a\u00f1os<\/strong>. Las trampas de un mundo imperfecto y cruel en el que no hay relaci\u00f3n entre el deseo que permanece y el cuerpo deteriorado. Caminan a ritmos diferentes a\u00f1os y mente. Me entristece que todo haya pasado tan r\u00e1pido, que est\u00e9n tan lejos esos 30. Poco a poco voy acolchando mi mente para acostumbrarla a las derrotas. Acomodado en la felicidad de mi rutina han pasado los a\u00f1os, ahora me toca asomarme al balc\u00f3n alejando de la barandilla ante el v\u00e9rtigo de una juventud que ya no me pertenece.<strong> Diosa de la belleza pedalea delante de mi como un sue\u00f1o inalcanzable. Esta ya no es mi guerra.<\/strong><\/p>\n<p><a href=\"\/migas-canas\/wp-content\/uploads\/sites\/8\/2016\/10\/DSC01775-2.jpg\"><img loading=\"lazy\" class=\"aligncenter size-full wp-image-927\" title=\"DSC01775 (2)\" src=\"\/migas-canas\/wp-content\/uploads\/sites\/8\/2016\/10\/DSC01775-2.jpg\" alt=\"\" width=\"644\" height=\"483\" srcset=\"https:\/\/static-blogs.hoy.es\/wp-content\/uploads\/sites\/8\/2016\/10\/DSC01775-2.jpg 644w, https:\/\/static-blogs.hoy.es\/wp-content\/uploads\/sites\/8\/2016\/10\/DSC01775-2-300x225.jpg 300w\" sizes=\"(max-width: 644px) 100vw, 644px\" \/><\/a>Me pongo a escribir mientras oigo el tic tac del reloj semejante a los latidos finitos de mi coraz\u00f3n. <strong>Escribo desde esta casa solitaria donde cada vez huele m\u00e1s a viejo y menos a esa fresca fragancia de la juventud. Esta noche de s\u00e1bado me estoy acordando de ella, del d\u00eda que le pregunt\u00e9 sus a\u00f1os, 30 me dijo, con una inaccesible sonrisa.<\/strong><\/p>\n<p>&nbsp;<\/p>\n<!-- AddThis Advanced Settings generic via filter on the_content --><!-- AddThis Share Buttons generic via filter on the_content -->","protected":false},"excerpt":{"rendered":"<p>Pedaleaba en una bicicleta est\u00e1ticas delante de mi. Ese d\u00eda no hab\u00eda muchos deportistas en el gimnasio y pod\u00eda ver sin dificultad como brincaba, sobre su espalda morena, una trenza larga que segu\u00eda el ritmo de las pedaladas. Un cuerpo l\u00edrico, fuerte, y femenino dentro de un maillot celeste. Se mov\u00eda con una elegancia natural, [&hellip;]<!-- AddThis Advanced Settings generic via filter on get_the_excerpt --><!-- AddThis Share Buttons generic via filter on get_the_excerpt --><\/p>\n","protected":false},"author":11,"featured_media":0,"comment_status":"open","ping_status":"closed","sticky":false,"template":"","format":"standard","meta":[],"categories":[2],"tags":[140,490,1065],"_links":{"self":[{"href":"https:\/\/blogs.hoy.es\/migas-canas\/wp-json\/wp\/v2\/posts\/923"}],"collection":[{"href":"https:\/\/blogs.hoy.es\/migas-canas\/wp-json\/wp\/v2\/posts"}],"about":[{"href":"https:\/\/blogs.hoy.es\/migas-canas\/wp-json\/wp\/v2\/types\/post"}],"author":[{"embeddable":true,"href":"https:\/\/blogs.hoy.es\/migas-canas\/wp-json\/wp\/v2\/users\/11"}],"replies":[{"embeddable":true,"href":"https:\/\/blogs.hoy.es\/migas-canas\/wp-json\/wp\/v2\/comments?post=923"}],"version-history":[{"count":0,"href":"https:\/\/blogs.hoy.es\/migas-canas\/wp-json\/wp\/v2\/posts\/923\/revisions"}],"wp:attachment":[{"href":"https:\/\/blogs.hoy.es\/migas-canas\/wp-json\/wp\/v2\/media?parent=923"}],"wp:term":[{"taxonomy":"category","embeddable":true,"href":"https:\/\/blogs.hoy.es\/migas-canas\/wp-json\/wp\/v2\/categories?post=923"},{"taxonomy":"post_tag","embeddable":true,"href":"https:\/\/blogs.hoy.es\/migas-canas\/wp-json\/wp\/v2\/tags?post=923"}],"curies":[{"name":"wp","href":"https:\/\/api.w.org\/{rel}","templated":true}]}}