{"id":928,"date":"2016-10-15T22:47:46","date_gmt":"2016-10-15T21:47:46","guid":{"rendered":"http:\/\/blogs.hoy.es\/migas-canas\/?p=928"},"modified":"2016-10-15T22:47:46","modified_gmt":"2016-10-15T21:47:46","slug":"portugal-porque-te-quiero-tanto","status":"publish","type":"post","link":"https:\/\/blogs.hoy.es\/migas-canas\/2016\/10\/15\/portugal-porque-te-quiero-tanto\/","title":{"rendered":"UNA HORA MENOS"},"content":{"rendered":"<p><a href=\"\/migas-canas\/wp-content\/uploads\/sites\/8\/2016\/10\/DSC00811-4.jpg\"><img loading=\"lazy\" class=\"aligncenter size-full wp-image-929\" title=\"DSC00811 (4)\" src=\"\/migas-canas\/wp-content\/uploads\/sites\/8\/2016\/10\/DSC00811-4.jpg\" alt=\"\" width=\"516\" height=\"387\" srcset=\"https:\/\/static-blogs.hoy.es\/wp-content\/uploads\/sites\/8\/2016\/10\/DSC00811-4.jpg 516w, https:\/\/static-blogs.hoy.es\/wp-content\/uploads\/sites\/8\/2016\/10\/DSC00811-4-300x225.jpg 300w\" sizes=\"(max-width: 516px) 100vw, 516px\" \/><\/a>Ma\u00f1anas portuguesas con sabor a cilantro, a garbanzos con presta, a guarnici\u00f3n de arroz cocido y patatas con piel.<\/p>\n<p>Domingos portugueses de lentitud donde una hora menos parece un siglo menos.<\/p>\n<p>Portugal de fachadas azules, de ventanas cerradas. de puertas abiertas,de amabilidad permanente,de hablar sereno, de gorras con viseras y mercadillos con pescado. Un pa\u00eds donde la altaner\u00eda desciende a ras del suelo.<\/p>\n<p>Un alentejo sin raya donde los pacenses nunca se sienten forasteros,<\/p>\n<p><a href=\"\/migas-canas\/wp-content\/uploads\/sites\/8\/2016\/10\/DSC00812-4.jpg\"><img loading=\"lazy\" class=\"aligncenter size-full wp-image-931\" title=\"DSC00812 (4)\" src=\"\/migas-canas\/wp-content\/uploads\/sites\/8\/2016\/10\/DSC00812-4.jpg\" alt=\"\" width=\"490\" height=\"387\" srcset=\"https:\/\/static-blogs.hoy.es\/wp-content\/uploads\/sites\/8\/2016\/10\/DSC00812-4.jpg 490w, https:\/\/static-blogs.hoy.es\/wp-content\/uploads\/sites\/8\/2016\/10\/DSC00812-4-300x237.jpg 300w\" sizes=\"(max-width: 490px) 100vw, 490px\" \/><\/a>Pueblos silenciosos donde el reloj de la Iglesia se par\u00f3 para siempre en las 10,50. No s\u00e9 el motivo. No indagar\u00e9 en acontecimientos pasados, ni leer\u00e9 su historia. No escribir\u00e9 las cientos de met\u00e1foras que me vienen a la cabeza de amores contrariados, de vida detenida, de episodios luctuosos. Las cosas son m\u00e1s sencillas, estamos en Portugal. Probablemente un d\u00eda dej\u00f3 de funcionar el reloj de la iglesia y nunca nadie se ocup\u00f3 en arreglarlo en un pueblo donde desconocen las prisas y la gente se gu\u00eda por la luna y el sol.<\/p>\n<!-- AddThis Advanced Settings generic via filter on the_content --><!-- AddThis Share Buttons generic via filter on the_content -->","protected":false},"excerpt":{"rendered":"<p>Ma\u00f1anas portuguesas con sabor a cilantro, a garbanzos con presta, a guarnici\u00f3n de arroz cocido y patatas con piel. Domingos portugueses de lentitud donde una hora menos parece un siglo menos. Portugal de fachadas azules, de ventanas cerradas. de puertas abiertas,de amabilidad permanente,de hablar sereno, de gorras con viseras y mercadillos con pescado. Un pa\u00eds [&hellip;]<!-- AddThis Advanced Settings generic via filter on get_the_excerpt --><!-- AddThis Share Buttons generic via filter on get_the_excerpt --><\/p>\n","protected":false},"author":11,"featured_media":0,"comment_status":"open","ping_status":"closed","sticky":false,"template":"","format":"standard","meta":[],"categories":[3],"tags":[870],"_links":{"self":[{"href":"https:\/\/blogs.hoy.es\/migas-canas\/wp-json\/wp\/v2\/posts\/928"}],"collection":[{"href":"https:\/\/blogs.hoy.es\/migas-canas\/wp-json\/wp\/v2\/posts"}],"about":[{"href":"https:\/\/blogs.hoy.es\/migas-canas\/wp-json\/wp\/v2\/types\/post"}],"author":[{"embeddable":true,"href":"https:\/\/blogs.hoy.es\/migas-canas\/wp-json\/wp\/v2\/users\/11"}],"replies":[{"embeddable":true,"href":"https:\/\/blogs.hoy.es\/migas-canas\/wp-json\/wp\/v2\/comments?post=928"}],"version-history":[{"count":0,"href":"https:\/\/blogs.hoy.es\/migas-canas\/wp-json\/wp\/v2\/posts\/928\/revisions"}],"wp:attachment":[{"href":"https:\/\/blogs.hoy.es\/migas-canas\/wp-json\/wp\/v2\/media?parent=928"}],"wp:term":[{"taxonomy":"category","embeddable":true,"href":"https:\/\/blogs.hoy.es\/migas-canas\/wp-json\/wp\/v2\/categories?post=928"},{"taxonomy":"post_tag","embeddable":true,"href":"https:\/\/blogs.hoy.es\/migas-canas\/wp-json\/wp\/v2\/tags?post=928"}],"curies":[{"name":"wp","href":"https:\/\/api.w.org\/{rel}","templated":true}]}}