{"id":933,"date":"2016-10-22T20:52:22","date_gmt":"2016-10-22T19:52:22","guid":{"rendered":"http:\/\/blogs.hoy.es\/migas-canas\/?p=933"},"modified":"2016-10-22T20:52:22","modified_gmt":"2016-10-22T19:52:22","slug":"la-casa-deshabitada","status":"publish","type":"post","link":"https:\/\/blogs.hoy.es\/migas-canas\/2016\/10\/22\/la-casa-deshabitada\/","title":{"rendered":"LA CASA DESHABITADA"},"content":{"rendered":"<p><a href=\"\/migas-canas\/wp-content\/uploads\/sites\/8\/2016\/10\/DSCN0730-72.jpg\"><img loading=\"lazy\" class=\"aligncenter size-full wp-image-937\" title=\"DSCN0730 (7)\" src=\"\/migas-canas\/wp-content\/uploads\/sites\/8\/2016\/10\/DSCN0730-72.jpg\" alt=\"\" width=\"623\" height=\"468\" srcset=\"https:\/\/static-blogs.hoy.es\/wp-content\/uploads\/sites\/8\/2016\/10\/DSCN0730-72.jpg 623w, https:\/\/static-blogs.hoy.es\/wp-content\/uploads\/sites\/8\/2016\/10\/DSCN0730-72-300x225.jpg 300w\" sizes=\"(max-width: 623px) 100vw, 623px\" \/><\/a><strong>Hoy he vuelto a la casa grande<\/strong>, la que habitabas \u00bfCu\u00e1nto tiempo hace de aquello? \u00bfQue fue de ti?<\/p>\n<p>S\u00e9 que no tienes un lugar donde asentarte, ni pertenencias. Es in\u00fatil buscarte en la mil formas con las que te representas. Eres una continua huida, una evasi\u00f3n, y, a veces, la raz\u00f3n que se presentaba en ti s\u00f3lida como si fuera verdadera y para siempre, al instante, se desvanec\u00eda, aunque permanezca en nuestra esperanza,en el interior de nosotros, de los que somos diferentes a ti, los de moral intachable.<\/p>\n<p>\u00bfD\u00f3nde estas escondido? \u00bfQuien eres de entre tus mil formas tan pr\u00f3ximas y tan distantes? Quiero verte, atraparte, clasificarte&#8230; pero cuando voy a cogerte con la confianza de haberte descubierto ya eres otro, ya no estas, y desapareces como el humo de la chimenea en el aire, te escapas, te vas, dejando solo la incertidumbre de no saber si eres o no eres, si estas o no estas.<\/p>\n<p>Han pasado los a\u00f1os, sigues viviendo en la incertidumbre de las mil formas. Eres como ese navegante que vuelves despu\u00e9s de mucho tiempo sin reconocer lo que amaba. El d\u00eda que te marchaste, sin equipaje, abandonaste la ambici\u00f3n de poseer; abandonaste el odio, las zancadillas,la esclavitud, el engreimiento,el orgullo,la vanidad, todos esos lastres que impiden vivir. Solo te quedaste con la sonrisa, con la bondad, intentando mostrar al mundo la diferencia entre hombre y \u00a0sue\u00f1o.<\/p>\n<!-- AddThis Advanced Settings generic via filter on the_content --><!-- AddThis Share Buttons generic via filter on the_content -->","protected":false},"excerpt":{"rendered":"<p>Hoy he vuelto a la casa grande, la que habitabas \u00bfCu\u00e1nto tiempo hace de aquello? \u00bfQue fue de ti? S\u00e9 que no tienes un lugar donde asentarte, ni pertenencias. Es in\u00fatil buscarte en la mil formas con las que te representas. Eres una continua huida, una evasi\u00f3n, y, a veces, la raz\u00f3n que se presentaba [&hellip;]<!-- AddThis Advanced Settings generic via filter on get_the_excerpt --><!-- AddThis Share Buttons generic via filter on get_the_excerpt --><\/p>\n","protected":false},"author":11,"featured_media":0,"comment_status":"open","ping_status":"closed","sticky":false,"template":"","format":"standard","meta":[],"categories":[3],"tags":[225],"_links":{"self":[{"href":"https:\/\/blogs.hoy.es\/migas-canas\/wp-json\/wp\/v2\/posts\/933"}],"collection":[{"href":"https:\/\/blogs.hoy.es\/migas-canas\/wp-json\/wp\/v2\/posts"}],"about":[{"href":"https:\/\/blogs.hoy.es\/migas-canas\/wp-json\/wp\/v2\/types\/post"}],"author":[{"embeddable":true,"href":"https:\/\/blogs.hoy.es\/migas-canas\/wp-json\/wp\/v2\/users\/11"}],"replies":[{"embeddable":true,"href":"https:\/\/blogs.hoy.es\/migas-canas\/wp-json\/wp\/v2\/comments?post=933"}],"version-history":[{"count":0,"href":"https:\/\/blogs.hoy.es\/migas-canas\/wp-json\/wp\/v2\/posts\/933\/revisions"}],"wp:attachment":[{"href":"https:\/\/blogs.hoy.es\/migas-canas\/wp-json\/wp\/v2\/media?parent=933"}],"wp:term":[{"taxonomy":"category","embeddable":true,"href":"https:\/\/blogs.hoy.es\/migas-canas\/wp-json\/wp\/v2\/categories?post=933"},{"taxonomy":"post_tag","embeddable":true,"href":"https:\/\/blogs.hoy.es\/migas-canas\/wp-json\/wp\/v2\/tags?post=933"}],"curies":[{"name":"wp","href":"https:\/\/api.w.org\/{rel}","templated":true}]}}