{"id":941,"date":"2016-10-31T23:18:22","date_gmt":"2016-10-31T22:18:22","guid":{"rendered":"http:\/\/blogs.hoy.es\/migas-canas\/?p=941"},"modified":"2016-10-31T23:18:22","modified_gmt":"2016-10-31T22:18:22","slug":"el-autoestopista","status":"publish","type":"post","link":"https:\/\/blogs.hoy.es\/migas-canas\/2016\/10\/31\/el-autoestopista\/","title":{"rendered":"EL AUTOESTOPISTA"},"content":{"rendered":"<p><strong><a href=\"\/migas-canas\/wp-content\/uploads\/sites\/8\/2016\/10\/DSCN0039-2.jpg\"><img loading=\"lazy\" class=\"aligncenter size-full wp-image-942\" title=\"DSCN0039 (2)\" src=\"\/migas-canas\/wp-content\/uploads\/sites\/8\/2016\/10\/DSCN0039-2.jpg\" alt=\"\" width=\"692\" height=\"519\" srcset=\"https:\/\/static-blogs.hoy.es\/wp-content\/uploads\/sites\/8\/2016\/10\/DSCN0039-2.jpg 692w, https:\/\/static-blogs.hoy.es\/wp-content\/uploads\/sites\/8\/2016\/10\/DSCN0039-2-300x225.jpg 300w\" sizes=\"(max-width: 692px) 100vw, 692px\" \/><\/a>V<\/strong><span><strong>en\u00eda con el coche por la carretera de Olivenza cuando a la altura del Coraz\u00f3n de Jes\u00fas vi a un hombre haciendo autoestop.<\/strong> Estuve dudando si cogerlo o no, al final pas\u00e9 de largo.<strong> Probablemente ser\u00eda un preso con permiso de fin de semana.<\/strong> Me pareci\u00f3 reconocer en su cara envejecida a alguien m\u00e1s joven. Creo que le conoc\u00eda de a\u00f1os atr\u00e1s cuando los dos jug\u00e1bamos al f\u00fatbol en equipos diferentes. Me arrepent\u00ed de no cogerlo, pero es que ya no estamos acostumbrado a ver personas haciendo autoestop y no reaccione a tiempo. Antes, hace unos a\u00f1os, siempre hab\u00eda quien se desplazaba de esta forma, incluso personas mayores que ven\u00edan del pueblo a arreglar papeles a la ciudad. <\/span><\/p>\n<p><span><strong><a href=\"\/migas-canas\/wp-content\/uploads\/sites\/8\/2016\/10\/DSCN0026-2.jpg\"><img loading=\"lazy\" class=\"aligncenter size-full wp-image-947\" title=\"DSCN0026 (2)\" src=\"\/migas-canas\/wp-content\/uploads\/sites\/8\/2016\/10\/DSCN0026-2.jpg\" alt=\"\" width=\"692\" height=\"519\" srcset=\"https:\/\/static-blogs.hoy.es\/wp-content\/uploads\/sites\/8\/2016\/10\/DSCN0026-2.jpg 692w, https:\/\/static-blogs.hoy.es\/wp-content\/uploads\/sites\/8\/2016\/10\/DSCN0026-2-300x225.jpg 300w\" sizes=\"(max-width: 692px) 100vw, 692px\" \/><\/a>En la puerta de la comisar\u00eda, donde se hac\u00eda el DNI, una se\u00f1ora con una mesa y una silla, colocadas en la acera, por un duro, rellenaba los papeles a los que no sab\u00edan escribir.<\/strong> Son esos cambios en las costumbres, en el paisaje urbano, en las formas de vida y que solo apreciamos con la distancia de los a\u00f1os las que nos hacen sentir nostalgia de un tiempo que aunque no era mejor era nuestra tiempo. <a href=\"\/migas-canas\/wp-content\/uploads\/sites\/8\/2016\/10\/DSCN2743-2.jpg\"><img loading=\"lazy\" class=\"aligncenter size-full wp-image-948\" title=\"DSCN2743 (2)\" src=\"\/migas-canas\/wp-content\/uploads\/sites\/8\/2016\/10\/DSCN2743-2.jpg\" alt=\"\" width=\"692\" height=\"519\" srcset=\"https:\/\/static-blogs.hoy.es\/wp-content\/uploads\/sites\/8\/2016\/10\/DSCN2743-2.jpg 692w, https:\/\/static-blogs.hoy.es\/wp-content\/uploads\/sites\/8\/2016\/10\/DSCN2743-2-300x225.jpg 300w\" sizes=\"(max-width: 692px) 100vw, 692px\" \/><\/a><strong>Todav\u00eda nos queda el tren como muestra del pasado<\/strong>. El tren sigue siendo el mismo, con el mismo horario y circulando con la misma lentitud del siglo anterior. Siempre que lo veo parado en la estaci\u00f3n me parece que en cualquier momento van subir soldados con petate y mujeres con cestas de las que sobresale el pescuezo de un gallo.<\/span><\/p>\n<p><span><strong>El autoestopista entretuvo mi mente desconect\u00e1ndola de la radio donde hablaban de lo de siempre, de los otros delincuentes,<\/strong> esos que no est\u00e1n en la c\u00e1rcel, aunque este es otro tema, un tema secundario incluso para los electores a la hora de votar.<\/span><\/p>\n<p><span><br \/>\n<a href=\"\/migas-canas\/wp-content\/uploads\/sites\/8\/2016\/10\/DSCN1032-2.jpg\"><img loading=\"lazy\" class=\"aligncenter size-full wp-image-945\" title=\"DSCN1032 (2)\" src=\"\/migas-canas\/wp-content\/uploads\/sites\/8\/2016\/10\/DSCN1032-2.jpg\" alt=\"\" width=\"692\" height=\"519\" srcset=\"https:\/\/static-blogs.hoy.es\/wp-content\/uploads\/sites\/8\/2016\/10\/DSCN1032-2.jpg 692w, https:\/\/static-blogs.hoy.es\/wp-content\/uploads\/sites\/8\/2016\/10\/DSCN1032-2-300x225.jpg 300w\" sizes=\"(max-width: 692px) 100vw, 692px\" \/><\/a>Ahora<\/span><span> los desplazamientos no se realizan levantando el dedo gordo en la cuneta, existe el blablacar, excepto para ese hombre que quiz\u00e1s haya perdido algunos a\u00f1os de evoluci\u00f3n, como el tren.El autoestopista me dej\u00f3 un regustillo amargo el no haberlo cogido y <strong>quedarme con la intriga de saber cu\u00e1nto habr\u00e1 robado para estar preso cuando con lo que han robado otros est\u00e1n en la calle. <\/strong><\/span><\/p>\n<p>&nbsp;<\/p>\n<!-- AddThis Advanced Settings generic via filter on the_content --><!-- AddThis Share Buttons generic via filter on the_content -->","protected":false},"excerpt":{"rendered":"<p>Ven\u00eda con el coche por la carretera de Olivenza cuando a la altura del Coraz\u00f3n de Jes\u00fas vi a un hombre haciendo autoestop. Estuve dudando si cogerlo o no, al final pas\u00e9 de largo. Probablemente ser\u00eda un preso con permiso de fin de semana. Me pareci\u00f3 reconocer en su cara envejecida a alguien m\u00e1s joven. [&hellip;]<!-- AddThis Advanced Settings generic via filter on get_the_excerpt --><!-- AddThis Share Buttons generic via filter on get_the_excerpt --><\/p>\n","protected":false},"author":11,"featured_media":0,"comment_status":"open","ping_status":"closed","sticky":false,"template":"","format":"standard","meta":[],"categories":[2],"tags":[83,153,210,294,307,350,774,841,980,1034],"_links":{"self":[{"href":"https:\/\/blogs.hoy.es\/migas-canas\/wp-json\/wp\/v2\/posts\/941"}],"collection":[{"href":"https:\/\/blogs.hoy.es\/migas-canas\/wp-json\/wp\/v2\/posts"}],"about":[{"href":"https:\/\/blogs.hoy.es\/migas-canas\/wp-json\/wp\/v2\/types\/post"}],"author":[{"embeddable":true,"href":"https:\/\/blogs.hoy.es\/migas-canas\/wp-json\/wp\/v2\/users\/11"}],"replies":[{"embeddable":true,"href":"https:\/\/blogs.hoy.es\/migas-canas\/wp-json\/wp\/v2\/comments?post=941"}],"version-history":[{"count":0,"href":"https:\/\/blogs.hoy.es\/migas-canas\/wp-json\/wp\/v2\/posts\/941\/revisions"}],"wp:attachment":[{"href":"https:\/\/blogs.hoy.es\/migas-canas\/wp-json\/wp\/v2\/media?parent=941"}],"wp:term":[{"taxonomy":"category","embeddable":true,"href":"https:\/\/blogs.hoy.es\/migas-canas\/wp-json\/wp\/v2\/categories?post=941"},{"taxonomy":"post_tag","embeddable":true,"href":"https:\/\/blogs.hoy.es\/migas-canas\/wp-json\/wp\/v2\/tags?post=941"}],"curies":[{"name":"wp","href":"https:\/\/api.w.org\/{rel}","templated":true}]}}