{"id":95,"date":"2012-01-02T14:32:40","date_gmt":"2012-01-02T13:32:40","guid":{"rendered":"http:\/\/blogs.hoy.es\/migas-canas\/?p=95"},"modified":"2012-01-02T14:32:40","modified_gmt":"2012-01-02T13:32:40","slug":"navidad","status":"publish","type":"post","link":"https:\/\/blogs.hoy.es\/migas-canas\/2012\/01\/02\/navidad\/","title":{"rendered":"NAVIDAD"},"content":{"rendered":"<p>A todos los que nos gusta escribir tenemos en esta fecha la tentaci\u00f3n de hacer algo con el t\u00edtulo de \u201cnavidad\u201dSe acaba el a\u00f1o. El calendario que me dio el diciembre pasado el due\u00f1o de una inmobiliaria  ya solo le queda la \u00faltima p\u00e1gina, la foto de un buc\u00f3lico paisaje nevado, con \u00e1rboles inclinados,que se asemeja a un edificio en ruinas. Este a\u00f1o el actual due\u00f1o del establecimiento me ha traido otro con el rotulo de ,\u201dcompro oro\u201d<br \/>\nunos odian las navidades a otros les gusta y algunos se aprovechan. pero a nadie dejan indiferentes.A todos nos sale un sentimiento oculto que en otras \u00e9pocas del a\u00f1o nos cuesta exteriorizar. En navidades tendemos a sacar lo mejor de nuestro interior que se  contagia con r\u00e1pidez  como una epidemia edulcorada para la que no encontramos vacunas, ni el paro,ni la crisis,frena la fiesta del derroche.<br \/>\nEscribir con fr\u00edo es m\u00e1s f\u00e1cil que en verano donde la luz cruel del sol espesa la visi\u00f3n de las cosas. quiz\u00e1s porque la escritura este echa de sentimientos y ahora,desde la ternura, nos fijamos m\u00e1s en al pobre que vive en un parque con una botella de vino o los que duermen en el interior de los cajero.<br \/>\nEs f\u00e1cil escribir a finales de diciembre,aunque en algunas ocasiones no tengas tiempo entre comidas,chupitos ni\u00f1os y cu\u00f1ados, algunas veces nos gustar\u00eda ser Rey para apartar a alg\u00fan miembro de la familia  y trasladarlos, como hacen en el museo de cera, al almacen de las cosas innecesarias.<\/p>\n<!-- AddThis Advanced Settings generic via filter on the_content --><!-- AddThis Share Buttons generic via filter on the_content -->","protected":false},"excerpt":{"rendered":"<p>A todos los que nos gusta escribir tenemos en esta fecha la tentaci\u00f3n de hacer algo con el t\u00edtulo de \u201cnavidad\u201dSe acaba el a\u00f1o. El calendario que me dio el diciembre pasado el due\u00f1o de una inmobiliaria ya solo le queda la \u00faltima p\u00e1gina, la foto de un buc\u00f3lico paisaje nevado, con \u00e1rboles inclinados,que se [&hellip;]<!-- AddThis Advanced Settings generic via filter on get_the_excerpt --><!-- AddThis Share Buttons generic via filter on get_the_excerpt --><\/p>\n","protected":false},"author":10,"featured_media":0,"comment_status":"open","ping_status":"closed","sticky":false,"template":"","format":"standard","meta":[],"categories":[4],"tags":[],"_links":{"self":[{"href":"https:\/\/blogs.hoy.es\/migas-canas\/wp-json\/wp\/v2\/posts\/95"}],"collection":[{"href":"https:\/\/blogs.hoy.es\/migas-canas\/wp-json\/wp\/v2\/posts"}],"about":[{"href":"https:\/\/blogs.hoy.es\/migas-canas\/wp-json\/wp\/v2\/types\/post"}],"author":[{"embeddable":true,"href":"https:\/\/blogs.hoy.es\/migas-canas\/wp-json\/wp\/v2\/users\/10"}],"replies":[{"embeddable":true,"href":"https:\/\/blogs.hoy.es\/migas-canas\/wp-json\/wp\/v2\/comments?post=95"}],"version-history":[{"count":0,"href":"https:\/\/blogs.hoy.es\/migas-canas\/wp-json\/wp\/v2\/posts\/95\/revisions"}],"wp:attachment":[{"href":"https:\/\/blogs.hoy.es\/migas-canas\/wp-json\/wp\/v2\/media?parent=95"}],"wp:term":[{"taxonomy":"category","embeddable":true,"href":"https:\/\/blogs.hoy.es\/migas-canas\/wp-json\/wp\/v2\/categories?post=95"},{"taxonomy":"post_tag","embeddable":true,"href":"https:\/\/blogs.hoy.es\/migas-canas\/wp-json\/wp\/v2\/tags?post=95"}],"curies":[{"name":"wp","href":"https:\/\/api.w.org\/{rel}","templated":true}]}}