{"id":957,"date":"2016-11-18T23:04:36","date_gmt":"2016-11-18T22:04:36","guid":{"rendered":"http:\/\/blogs.hoy.es\/migas-canas\/?p=957"},"modified":"2016-11-18T23:04:36","modified_gmt":"2016-11-18T22:04:36","slug":"trumpasso","status":"publish","type":"post","link":"https:\/\/blogs.hoy.es\/migas-canas\/2016\/11\/18\/trumpasso\/","title":{"rendered":"TRUMPASSO"},"content":{"rendered":"<p><a href=\"\/migas-canas\/wp-content\/uploads\/sites\/8\/2016\/11\/DSC01936.jpg\"><img loading=\"lazy\" class=\"aligncenter size-full wp-image-958\" title=\"DSC01936\" src=\"\/migas-canas\/wp-content\/uploads\/sites\/8\/2016\/11\/DSC01936.jpg\" alt=\"\" width=\"902\" height=\"677\" srcset=\"https:\/\/static-blogs.hoy.es\/wp-content\/uploads\/sites\/8\/2016\/11\/DSC01936.jpg 902w, https:\/\/static-blogs.hoy.es\/wp-content\/uploads\/sites\/8\/2016\/11\/DSC01936-300x225.jpg 300w, https:\/\/static-blogs.hoy.es\/wp-content\/uploads\/sites\/8\/2016\/11\/DSC01936-768x576.jpg 768w\" sizes=\"(max-width: 902px) 100vw, 902px\" \/><\/a>Cuando despert\u00e9 aquel mi\u00e9rcoles con la noticia de que Trump hab\u00eda ganado las elecciones sent\u00ed el impulso de escribir. Pasado ese primer momento,y despu\u00e9s de leer centenares de columnas, noticias, escuchar los comentarios en mi trabajo y en la calle, no s\u00e9 que decir de un desconocido que me parece tan hortera como Jes\u00fas Gil. <strong>Veo a Trump mostrando su avi\u00f3n con la misma prepotencia con la que el alcalde de Marbella ense\u00f1aba su caballo Imperioso.<\/strong><\/p>\n<p>Me repele que hable con ese desprecio de mujeres y emigrantes.<\/p>\n<p><strong>La gente es impredecible con su voto<\/strong>. Se pas\u00f3 de los previsto a la sorpresa, y as\u00ed, sin darnos cuenta, un presidente negro le dio el relevo a un presidente racista.<\/p>\n<p><a href=\"\/migas-canas\/wp-content\/uploads\/sites\/8\/2016\/11\/DSC01957.jpg\"><img loading=\"lazy\" class=\"aligncenter size-full wp-image-959\" title=\"DSC01957\" src=\"\/migas-canas\/wp-content\/uploads\/sites\/8\/2016\/11\/DSC01957.jpg\" alt=\"\" width=\"773\" height=\"580\" srcset=\"https:\/\/static-blogs.hoy.es\/wp-content\/uploads\/sites\/8\/2016\/11\/DSC01957.jpg 773w, https:\/\/static-blogs.hoy.es\/wp-content\/uploads\/sites\/8\/2016\/11\/DSC01957-300x225.jpg 300w, https:\/\/static-blogs.hoy.es\/wp-content\/uploads\/sites\/8\/2016\/11\/DSC01957-768x576.jpg 768w\" sizes=\"(max-width: 773px) 100vw, 773px\" \/><\/a><strong>Fallaron las encuestas. Ocurri\u00f3 con el Brexit, ha vuelto a pasar con un Trump<\/strong> al que tomamos a pitorreo en sus primeras y grotescas apariciones y ahora es presidente del pa\u00eds m\u00e1s poderoso del mundo, con permiso de China.<\/p>\n<p><strong>Hay que pensar porque salen elegidos tipos como Trump<\/strong>. No es ,como tambi\u00e9n he le\u00eddo por ah\u00ed, que existan\u201canalfabetos pol\u00edticos\u201d,<strong> cada voto es la voz del que no tiene voz, un grito en un mundo cada vez mas hostil para los humildes.<\/strong> Estos resultados son producto de la decepci\u00f3n y falta de confianza que tiene la poblaci\u00f3n con los que han gobernado anteriormente. No gana Trump, pierde Hillary.<\/p>\n<p><a href=\"\/migas-canas\/wp-content\/uploads\/sites\/8\/2016\/11\/DSC01972.jpg\"><img loading=\"lazy\" class=\"aligncenter size-full wp-image-960\" title=\"DSC01972\" src=\"\/migas-canas\/wp-content\/uploads\/sites\/8\/2016\/11\/DSC01972.jpg\" alt=\"\" width=\"773\" height=\"580\" srcset=\"https:\/\/static-blogs.hoy.es\/wp-content\/uploads\/sites\/8\/2016\/11\/DSC01972.jpg 773w, https:\/\/static-blogs.hoy.es\/wp-content\/uploads\/sites\/8\/2016\/11\/DSC01972-300x225.jpg 300w, https:\/\/static-blogs.hoy.es\/wp-content\/uploads\/sites\/8\/2016\/11\/DSC01972-768x576.jpg 768w\" sizes=\"(max-width: 773px) 100vw, 773px\" \/><\/a>Lo sucedido en Am\u00e9rica es aplicable a otras democracias donde hay gente pasando calamidades que se agarran a la promesa de cambio, aunque sean dif\u00edciles de cumplir<strong>, gente que con su voto desea dar un giro y terminar con lo que les hace cada vez m\u00e1s pobres, vulnerables e infelices y que favorecen la desigualdad.<\/strong><\/p>\n<p>Dicen que si el presidente de Am\u00e9rica mueve las pesta\u00f1as el aire llega hasta Badajoz. Aqu\u00ed estamos, esperando el ventarr\u00f3n, expectantes, sorprendidos, asustados e indignados. Seguimos nuestras vidas en esta ciudad tranquila con un ojo puesto en Madrid y el otro en Am\u00e9rica.<\/p>\n<p><strong>Trump,se une a la lista de Putin, Kin Jong-Un, Maduro, y todos esos que dan miedo y que, incluso, hacen bueno a Rajoy.<\/strong><\/p>\n<p>&nbsp;<\/p>\n<p>&nbsp;<\/p>\n<!-- AddThis Advanced Settings generic via filter on the_content --><!-- AddThis Share Buttons generic via filter on the_content -->","protected":false},"excerpt":{"rendered":"<p>Cuando despert\u00e9 aquel mi\u00e9rcoles con la noticia de que Trump hab\u00eda ganado las elecciones sent\u00ed el impulso de escribir. Pasado ese primer momento,y despu\u00e9s de leer centenares de columnas, noticias, escuchar los comentarios en mi trabajo y en la calle, no s\u00e9 que decir de un desconocido que me parece tan hortera como Jes\u00fas Gil. [&hellip;]<!-- AddThis Advanced Settings generic via filter on get_the_excerpt --><!-- AddThis Share Buttons generic via filter on get_the_excerpt --><\/p>\n","protected":false},"author":11,"featured_media":0,"comment_status":"open","ping_status":"closed","sticky":false,"template":"","format":"standard","meta":[],"categories":[2],"tags":[521,594,667,1038],"_links":{"self":[{"href":"https:\/\/blogs.hoy.es\/migas-canas\/wp-json\/wp\/v2\/posts\/957"}],"collection":[{"href":"https:\/\/blogs.hoy.es\/migas-canas\/wp-json\/wp\/v2\/posts"}],"about":[{"href":"https:\/\/blogs.hoy.es\/migas-canas\/wp-json\/wp\/v2\/types\/post"}],"author":[{"embeddable":true,"href":"https:\/\/blogs.hoy.es\/migas-canas\/wp-json\/wp\/v2\/users\/11"}],"replies":[{"embeddable":true,"href":"https:\/\/blogs.hoy.es\/migas-canas\/wp-json\/wp\/v2\/comments?post=957"}],"version-history":[{"count":0,"href":"https:\/\/blogs.hoy.es\/migas-canas\/wp-json\/wp\/v2\/posts\/957\/revisions"}],"wp:attachment":[{"href":"https:\/\/blogs.hoy.es\/migas-canas\/wp-json\/wp\/v2\/media?parent=957"}],"wp:term":[{"taxonomy":"category","embeddable":true,"href":"https:\/\/blogs.hoy.es\/migas-canas\/wp-json\/wp\/v2\/categories?post=957"},{"taxonomy":"post_tag","embeddable":true,"href":"https:\/\/blogs.hoy.es\/migas-canas\/wp-json\/wp\/v2\/tags?post=957"}],"curies":[{"name":"wp","href":"https:\/\/api.w.org\/{rel}","templated":true}]}}