{"id":97,"date":"2012-01-12T14:44:49","date_gmt":"2012-01-12T13:44:49","guid":{"rendered":"http:\/\/blogs.hoy.es\/migas-canas\/?p=97"},"modified":"2012-01-12T14:44:49","modified_gmt":"2012-01-12T13:44:49","slug":"termino-la-fiesta","status":"publish","type":"post","link":"https:\/\/blogs.hoy.es\/migas-canas\/2012\/01\/12\/termino-la-fiesta\/","title":{"rendered":"TERMIN\u00d3 LA FIESTA"},"content":{"rendered":"<p>Se acabo la fiesta, hoy es otra vez jueves, un jueves corriente,una semana sin descanso. Volvemos a saborear la sencillez  de lo cotidiano, un paseo sin prisas. Volvemos al placer de  la rutina,  a las zapatillas de estar en casa, al sill\u00f3n de lectura, al peri\u00f3dico de papel, a la ciudad sin brillo,al futuro incierto. Volvemos a la realidad despu\u00e9s de la fiesta de la magia donde so\u00f1amos que al comer doce uvas, a r\u00edtmo de campanadas, vestido de rojo y bebiendo champ\u00e1n con sabor a oro, la vida nos sonreira.Se termin\u00f3 el amor impuesto,el \u00e1rbol de navidad y el rosc\u00f3n sin  premio. Se callaron los petardos  aunque Jorge Javier siga chirriando.<br \/>\nSe acab\u00f3 la fiesta. Comienzan los paseos  por los puentes,las carreras por la Granadilla, la vuelta a los libros, al despacho,al tajo. Todos estabamos deseando volver a la  rutina del trabajo.Todos menos 135.000 extreme\u00f1os que no pueden, que no quieren m\u00e1s lunes al sol y que seguir\u00e1n viviendo en una amarga inmovilidad en contra de su voluntad.<br \/>\nNos quedan once meses que empiezan en cuesta  y tienen un desconocido final.<br \/>\nComenzamos con unas afiladas tijeras que de tanto cortar se est\u00e1n convirtiendo en guada\u00f1a.<br \/>\nComienza los peri\u00f3dicos a engordar las ondas  echan sangre. Reyertas con muertos, violencia de g\u00e9nero G\u00e9vora se viste de euromillones, y los pacenses dejan de volar. Se acaba la fiesta empieza la realidad.<\/p>\n<!-- AddThis Advanced Settings generic via filter on the_content --><!-- AddThis Share Buttons generic via filter on the_content -->","protected":false},"excerpt":{"rendered":"<p>Se acabo la fiesta, hoy es otra vez jueves, un jueves corriente,una semana sin descanso. Volvemos a saborear la sencillez de lo cotidiano, un paseo sin prisas. Volvemos al placer de la rutina, a las zapatillas de estar en casa, al sill\u00f3n de lectura, al peri\u00f3dico de papel, a la ciudad sin brillo,al futuro incierto. [&hellip;]<!-- AddThis Advanced Settings generic via filter on get_the_excerpt --><!-- AddThis Share Buttons generic via filter on get_the_excerpt --><\/p>\n","protected":false},"author":10,"featured_media":0,"comment_status":"open","ping_status":"closed","sticky":false,"template":"","format":"standard","meta":[],"categories":[4],"tags":[],"_links":{"self":[{"href":"https:\/\/blogs.hoy.es\/migas-canas\/wp-json\/wp\/v2\/posts\/97"}],"collection":[{"href":"https:\/\/blogs.hoy.es\/migas-canas\/wp-json\/wp\/v2\/posts"}],"about":[{"href":"https:\/\/blogs.hoy.es\/migas-canas\/wp-json\/wp\/v2\/types\/post"}],"author":[{"embeddable":true,"href":"https:\/\/blogs.hoy.es\/migas-canas\/wp-json\/wp\/v2\/users\/10"}],"replies":[{"embeddable":true,"href":"https:\/\/blogs.hoy.es\/migas-canas\/wp-json\/wp\/v2\/comments?post=97"}],"version-history":[{"count":0,"href":"https:\/\/blogs.hoy.es\/migas-canas\/wp-json\/wp\/v2\/posts\/97\/revisions"}],"wp:attachment":[{"href":"https:\/\/blogs.hoy.es\/migas-canas\/wp-json\/wp\/v2\/media?parent=97"}],"wp:term":[{"taxonomy":"category","embeddable":true,"href":"https:\/\/blogs.hoy.es\/migas-canas\/wp-json\/wp\/v2\/categories?post=97"},{"taxonomy":"post_tag","embeddable":true,"href":"https:\/\/blogs.hoy.es\/migas-canas\/wp-json\/wp\/v2\/tags?post=97"}],"curies":[{"name":"wp","href":"https:\/\/api.w.org\/{rel}","templated":true}]}}