{"id":974,"date":"2016-12-03T23:30:09","date_gmt":"2016-12-03T22:30:09","guid":{"rendered":"http:\/\/blogs.hoy.es\/migas-canas\/?p=974"},"modified":"2016-12-03T23:30:09","modified_gmt":"2016-12-03T22:30:09","slug":"german-lopez-iglesias","status":"publish","type":"post","link":"https:\/\/blogs.hoy.es\/migas-canas\/2016\/12\/03\/german-lopez-iglesias\/","title":{"rendered":"GERM\u00c1N L\u00d3PEZ IGLESIAS"},"content":{"rendered":"<p><a href=\"\/migas-canas\/wp-content\/uploads\/sites\/8\/2016\/12\/DSCN0996-2.jpg\"><img loading=\"lazy\" class=\"aligncenter size-full wp-image-975\" title=\"DSCN0996 (2)\" src=\"\/migas-canas\/wp-content\/uploads\/sites\/8\/2016\/12\/DSCN0996-2.jpg\" alt=\"\" width=\"789\" height=\"592\" srcset=\"https:\/\/static-blogs.hoy.es\/wp-content\/uploads\/sites\/8\/2016\/12\/DSCN0996-2.jpg 789w, https:\/\/static-blogs.hoy.es\/wp-content\/uploads\/sites\/8\/2016\/12\/DSCN0996-2-300x225.jpg 300w, https:\/\/static-blogs.hoy.es\/wp-content\/uploads\/sites\/8\/2016\/12\/DSCN0996-2-768x576.jpg 768w\" sizes=\"(max-width: 789px) 100vw, 789px\" \/><\/a><strong>Vengo impregnado del olor dulz\u00f3n de Ansorena,<\/strong> de observar mi antiguo instituto,el Zurbar\u00e1n, con el mismo respeto y solemnidad como lo miraba entonces, de o\u00edr el acorde\u00f3n del hombre que se pone en la esquina, de ver la gerencia del SES y las ventanas de los despachos donde se gestiona la sanidad pacense, de sentir el fr\u00edo entre la calidez de las luces navide\u00f1as.<\/p>\n<p><strong>Llego a casa y enciendo el ordenador, igual que aquel d\u00eda<\/strong>, cuando todav\u00eda no hab\u00eda empezado la navidad. Aquella noche, lo primero que le\u00ed fue una noticia compartida en <strong>facebook<\/strong> por el director de este peri\u00f3dico,<strong> \u00c1ngel Ort\u00edz, dec\u00eda : Germ\u00e1n L\u00f3pez Iglesias va ser nombrado Director de la Polic\u00eda Nacional.<\/strong> Respond\u00ed sin tomar el tiempo de reflexi\u00f3n necesario.<strong> Critiqu\u00e9 que el elegido fuese alguien ajeno al cuerpo sin formaci\u00f3n policial.<\/strong> Me contestaron \u201cquiz\u00e1s sea un buen gestor\u201d. Me precipite, la cosa hay que mirarla con calma, observar todas sus aristas. Creo que beneficia a la ciudad que alguien de aqu\u00ed tenga un puesto importante en Madrid que es donde se cuecen las cosas, donde esta el meollo del bollo. Aunque no es de esto de lo que quiero escribir, si no de la an\u00e9cdota que me pas\u00f3 con \u00e9l.<\/p>\n<p><a href=\"\/migas-canas\/wp-content\/uploads\/sites\/8\/2016\/12\/DSCN1010-5.jpg\"><img loading=\"lazy\" class=\"aligncenter size-full wp-image-976\" title=\"DSCN1010 (5)\" src=\"\/migas-canas\/wp-content\/uploads\/sites\/8\/2016\/12\/DSCN1010-5.jpg\" alt=\"\" width=\"922\" height=\"692\" srcset=\"https:\/\/static-blogs.hoy.es\/wp-content\/uploads\/sites\/8\/2016\/12\/DSCN1010-5.jpg 922w, https:\/\/static-blogs.hoy.es\/wp-content\/uploads\/sites\/8\/2016\/12\/DSCN1010-5-300x225.jpg 300w, https:\/\/static-blogs.hoy.es\/wp-content\/uploads\/sites\/8\/2016\/12\/DSCN1010-5-768x576.jpg 768w\" sizes=\"(max-width: 922px) 100vw, 922px\" \/><\/a><strong>Cuando me cas\u00e9, en la Soledad, estaban arreglando la plaza<\/strong>. No se pod\u00eda pasar en coche hasta la puerta de la iglesia, a mi me daba igual,lo peor era la novia con su traje blanco arrastrado por el barro y los tacones de aguja clav\u00e1ndose en la arena. As\u00ed que fui al Ayuntamiento para poder solucionarlo. Ese mismo d\u00eda, por la tarde, <strong>L\u00f3pez Iglesias, al que no conoc\u00eda de nada, ( todav\u00eda no escrib\u00eda esta columna), me llam\u00f3 por tel\u00e9fono para decirme que no me preocupara, que iba hablar con los alba\u00f1iles para que pudiera pasar el coche hasta la puerta<\/strong>, y as\u00ed <a href=\"\/migas-canas\/wp-content\/uploads\/sites\/8\/2016\/12\/DSC01459-3.jpg\"><img loading=\"lazy\" class=\"aligncenter size-full wp-image-979\" title=\"DSC01459 (3)\" src=\"\/migas-canas\/wp-content\/uploads\/sites\/8\/2016\/12\/DSC01459-3.jpg\" alt=\"\" width=\"969\" height=\"727\" srcset=\"https:\/\/static-blogs.hoy.es\/wp-content\/uploads\/sites\/8\/2016\/12\/DSC01459-3.jpg 969w, https:\/\/static-blogs.hoy.es\/wp-content\/uploads\/sites\/8\/2016\/12\/DSC01459-3-300x225.jpg 300w, https:\/\/static-blogs.hoy.es\/wp-content\/uploads\/sites\/8\/2016\/12\/DSC01459-3-768x576.jpg 768w\" sizes=\"(max-width: 969px) 100vw, 969px\" \/><\/a>fue. Escrib\u00ed, en carta al director de este peri\u00f3dico, mi agradecimiento.<\/p>\n<p>Una ma\u00f1ana, estaba en Figueras visitando la casa de Dal\u00ed, recib\u00ed una llamada de Germ\u00e1n para darme las gracias y felicitarme por la boda.<\/p>\n<p><strong>S\u00e9 que es una tonter\u00eda, un gesto que no le hace mejor ni peor director general de la Polic\u00eda Nacional pero muestra una cosa importante, su preocupaci\u00f3n por ciudadanos an\u00f3nimos y la voluntad de resolver problemas.<\/strong><\/p>\n<p>&nbsp;<\/p>\n<!-- AddThis Advanced Settings generic via filter on the_content --><!-- AddThis Share Buttons generic via filter on the_content -->","protected":false},"excerpt":{"rendered":"<p>Vengo impregnado del olor dulz\u00f3n de Ansorena, de observar mi antiguo instituto,el Zurbar\u00e1n, con el mismo respeto y solemnidad como lo miraba entonces, de o\u00edr el acorde\u00f3n del hombre que se pone en la esquina, de ver la gerencia del SES y las ventanas de los despachos donde se gestiona la sanidad pacense, de sentir [&hellip;]<!-- AddThis Advanced Settings generic via filter on get_the_excerpt --><!-- AddThis Share Buttons generic via filter on get_the_excerpt --><\/p>\n","protected":false},"author":11,"featured_media":0,"comment_status":"open","ping_status":"closed","sticky":false,"template":"","format":"standard","meta":[],"categories":[2],"tags":[58,59,223,344,488,544,612,964],"_links":{"self":[{"href":"https:\/\/blogs.hoy.es\/migas-canas\/wp-json\/wp\/v2\/posts\/974"}],"collection":[{"href":"https:\/\/blogs.hoy.es\/migas-canas\/wp-json\/wp\/v2\/posts"}],"about":[{"href":"https:\/\/blogs.hoy.es\/migas-canas\/wp-json\/wp\/v2\/types\/post"}],"author":[{"embeddable":true,"href":"https:\/\/blogs.hoy.es\/migas-canas\/wp-json\/wp\/v2\/users\/11"}],"replies":[{"embeddable":true,"href":"https:\/\/blogs.hoy.es\/migas-canas\/wp-json\/wp\/v2\/comments?post=974"}],"version-history":[{"count":0,"href":"https:\/\/blogs.hoy.es\/migas-canas\/wp-json\/wp\/v2\/posts\/974\/revisions"}],"wp:attachment":[{"href":"https:\/\/blogs.hoy.es\/migas-canas\/wp-json\/wp\/v2\/media?parent=974"}],"wp:term":[{"taxonomy":"category","embeddable":true,"href":"https:\/\/blogs.hoy.es\/migas-canas\/wp-json\/wp\/v2\/categories?post=974"},{"taxonomy":"post_tag","embeddable":true,"href":"https:\/\/blogs.hoy.es\/migas-canas\/wp-json\/wp\/v2\/tags?post=974"}],"curies":[{"name":"wp","href":"https:\/\/api.w.org\/{rel}","templated":true}]}}