{"id":98,"date":"2012-01-13T21:41:27","date_gmt":"2012-01-13T20:41:27","guid":{"rendered":"http:\/\/blogs.hoy.es\/migas-canas\/?p=98"},"modified":"2012-01-13T21:41:27","modified_gmt":"2012-01-13T20:41:27","slug":"funcionarios-2","status":"publish","type":"post","link":"https:\/\/blogs.hoy.es\/migas-canas\/2012\/01\/13\/funcionarios-2\/","title":{"rendered":"FUNCIONARIOS"},"content":{"rendered":"<p>Soy funcionario un instrumento de la administraci\u00f3n que por estar toda las ma\u00f1anas y algunas tardes haciendo papeles me dan lo justo para que se lo devuelva al banco en ese invento llamado, que seg\u00fan la RAE todav\u00eda no es sin\u00f3nimo de robo, hipoteca.Lo que sobra se reparte entre el recibo de la luz,el agua, el gas y los s\u00e1bados en carrefur. Tambi\u00e9n nos dan, para defendernos de  arbitrariedades pol\u00edtica a los sindatos que son subvencionados o pagados generosamente por aquellos de los que nos tienen que defender.<br \/>\nSoy funcionario y no entiendo de econom\u00eda general aunque como todos mis compa\u00f1eros estoy especializado  en econom\u00eda casera o de guerra. En las reuniones de los viernes vamos a tener que a\u00f1adirle un punto nuevo en el orden del d\u00eda y as\u00ed aprovechar las dos horas y media que generosamente regalaremos a la administraci\u00f3n  para  descubir entre todos donde venden el pan m\u00e1s barato. Y no tener  que dejar de pagar ni la luz, ni gas, ni agua y as\u00ed  causarle el menor da\u00f1o posible a la econom\u00eda espa\u00f1ola y sobre todo a la Alemana. Todos se  acuerdan de la campa\u00f1a electora donde se repitio una y otra vez que no subir\u00edan los impuestos pero eso se perdona, todos sabemos que la palabra de un candidato a presidente de gobierno en una costosa campa\u00f1a electoral no tienen validez. Dicen algunos compa\u00f1eros que para que nos cuenten mentiras que se supendan las campa\u00f1as y algunos euros se podra sacar.<br \/>\nSoy funcionario y junto con otros funcionarios estanos pagando las consecuencias de quien antes lo malgestion\u00f3 o se llevo el dinero que ahora hace falta.  ya antes nos quitaron de la tapita en el bar,que tambi\u00e9n  ha cerrado, del cup\u00f3n del viernes,de los periodicos del fin de semana  y de la paella del domingo en la parcela del primo o del amigo que, con buen criterio, no se hizo funcionario.<br \/>\nDicen queTodo estos recortes  no valdr\u00e1 para disminuir el paro.<\/p>\n<!-- AddThis Advanced Settings generic via filter on the_content --><!-- AddThis Share Buttons generic via filter on the_content -->","protected":false},"excerpt":{"rendered":"<p>Soy funcionario un instrumento de la administraci\u00f3n que por estar toda las ma\u00f1anas y algunas tardes haciendo papeles me dan lo justo para que se lo devuelva al banco en ese invento llamado, que seg\u00fan la RAE todav\u00eda no es sin\u00f3nimo de robo, hipoteca.Lo que sobra se reparte entre el recibo de la luz,el agua, [&hellip;]<!-- AddThis Advanced Settings generic via filter on get_the_excerpt --><!-- AddThis Share Buttons generic via filter on get_the_excerpt --><\/p>\n","protected":false},"author":10,"featured_media":0,"comment_status":"open","ping_status":"closed","sticky":false,"template":"","format":"standard","meta":[],"categories":[4],"tags":[],"_links":{"self":[{"href":"https:\/\/blogs.hoy.es\/migas-canas\/wp-json\/wp\/v2\/posts\/98"}],"collection":[{"href":"https:\/\/blogs.hoy.es\/migas-canas\/wp-json\/wp\/v2\/posts"}],"about":[{"href":"https:\/\/blogs.hoy.es\/migas-canas\/wp-json\/wp\/v2\/types\/post"}],"author":[{"embeddable":true,"href":"https:\/\/blogs.hoy.es\/migas-canas\/wp-json\/wp\/v2\/users\/10"}],"replies":[{"embeddable":true,"href":"https:\/\/blogs.hoy.es\/migas-canas\/wp-json\/wp\/v2\/comments?post=98"}],"version-history":[{"count":0,"href":"https:\/\/blogs.hoy.es\/migas-canas\/wp-json\/wp\/v2\/posts\/98\/revisions"}],"wp:attachment":[{"href":"https:\/\/blogs.hoy.es\/migas-canas\/wp-json\/wp\/v2\/media?parent=98"}],"wp:term":[{"taxonomy":"category","embeddable":true,"href":"https:\/\/blogs.hoy.es\/migas-canas\/wp-json\/wp\/v2\/categories?post=98"},{"taxonomy":"post_tag","embeddable":true,"href":"https:\/\/blogs.hoy.es\/migas-canas\/wp-json\/wp\/v2\/tags?post=98"}],"curies":[{"name":"wp","href":"https:\/\/api.w.org\/{rel}","templated":true}]}}