{"id":1,"date":"2012-05-23T19:35:40","date_gmt":"2012-05-23T19:35:40","guid":{"rendered":"http:\/\/blogs.hoy.es\/moterosdehoy\/?p=1"},"modified":"2012-05-23T19:35:40","modified_gmt":"2012-05-23T19:35:40","slug":"hola-mundo","status":"publish","type":"post","link":"https:\/\/blogs.hoy.es\/moterosdehoy\/2012\/05\/23\/hola-mundo\/","title":{"rendered":"\u00a1Hola mundo!"},"content":{"rendered":"<p style=\"text-align: left;\"><strong>\u00a0 \u00a0Bienvenidos al blog de &#8220;Moteros de HOY&#8221;<\/strong>, mi nombre es <strong>Antonio M\u00e1rquez<\/strong>, Tony para los amigos y PicaDura para los moteros (si quieres saber de donde viene el sobrenombre de PicaDura lo puedes <a title=\"\u00bfDe d\u00f3nde proviene el sobrenombre de PicaDura?\" href=\"http:\/\/picaduramalandra.blogspot.com.es\/2011\/03\/explicacion-del-titulo-del-blog.html\" target=\"_blank\" rel=\"external nofollow\">averiguar aqu\u00ed<\/a>). Soy motero y Licenciado en Comunicaci\u00f3n. Aqu\u00ed llevar\u00e9 al d\u00eda las inquietudes de los moteros y los afines a nuestro mundillo.<\/p>\n<div class=\"mceTemp\" style=\"text-align: left;\">\n<dl id=\"attachment_710\" class=\"wp-caption alignleft\" style=\"width: 310px;\">\n<dt class=\"wp-caption-dt\"><a href=\"\/moterosdehoy\/wp-content\/uploads\/sites\/45\/2012\/05\/Ping\u00fcinos-2012.jpg\"><img loading=\"lazy\" class=\"size-medium wp-image-710\" title=\"Ping\u00fcinos 2012\" src=\"\/moterosdehoy\/wp-content\/uploads\/sites\/45\/2012\/05\/Ping\u00fcinos-2012.jpg\" alt=\"\" width=\"300\" height=\"200\" srcset=\"https:\/\/static-blogs.hoy.es\/wp-content\/uploads\/sites\/45\/2012\/05\/Ping\u00fcinos-2012.jpg 960w, https:\/\/static-blogs.hoy.es\/wp-content\/uploads\/sites\/45\/2012\/05\/Ping\u00fcinos-2012-300x200.jpg 300w, https:\/\/static-blogs.hoy.es\/wp-content\/uploads\/sites\/45\/2012\/05\/Ping\u00fcinos-2012-768x512.jpg 768w\" sizes=\"(max-width: 300px) 100vw, 300px\" \/><\/a><\/dt>\n<dd class=\"wp-caption-dd\">Tony M\u00e1rquez en Ping\u00fcinos 2012<\/dd>\n<\/dl>\n<\/div>\n<p style=\"text-align: left;\">\u00a0 \u00a0 \u00a0A trav\u00e9s del blog tratar\u00e9 de teneros informados sobre accesorios, nuevos productos, trucos, mantenimiento, personalizaciones, concentraciones, quedadas, \u00a0rutas, viajes&#8230; tanto de nuestra comunidad como fuera de ella, pues fuera de Extremadura tambi\u00e9n hay carreteras para nuestras ruedas. En definitiva un largo etc\u00e9tera que ir\u00e1 creciendo a modo que suban nuestras inquietudes.<\/p>\n<p style=\"text-align: left;\">\u00a0 \u00a0 Si quer\u00e9is entrar en contacto para dar a conocer algo, ten\u00e9is a vuestra disposici\u00f3n el correo electr\u00f3nico moterosdehoy@gmail.com<\/p>\n<p style=\"text-align: left;\">\u00a0 \u00a0 Solo espero que os guste y disfrut\u00e9is tanto del blog como yo al escribirlo.<\/p>\n<p style=\"text-align: left;\">\u00a0 \u00a0Si quieres ver un reportaje que sali\u00f3 publicado en el peri\u00f3dico HOY, <strong><a title=\"Entrevista a Tony M\u00e1rquez publicada en agosto de 2013\" href=\"http:\/\/www.hoy.es\/v\/20130816\/regional\/estudie-comunicacion-audiovisual-porque-20130816.html\" target=\"_blank\" rel=\"external nofollow\">haz clic aqu\u00ed<\/a><\/strong>.<\/p>\n<p style=\"text-align: left;\"><strong>\u00a0\u00a0\u00a0\u00a0 <a title=\"Enlace al facebook de Moteros de HOY\" href=\"https:\/\/www.facebook.com\/moteroshoy?ref=hl\" target=\"_blank\" rel=\"external nofollow\">Saludos y r\u00e1fagas<\/a><\/strong>.<\/p>\n<!-- AddThis Advanced Settings generic via filter on the_content --><!-- AddThis Share Buttons generic via filter on the_content -->","protected":false},"excerpt":{"rendered":"<p>\u00a0 \u00a0Bienvenidos al blog de &#8220;Moteros de HOY&#8221;, mi nombre es Antonio M\u00e1rquez, Tony para los amigos y PicaDura para los moteros (si quieres saber de donde viene el sobrenombre de PicaDura lo puedes averiguar aqu\u00ed). Soy motero y Licenciado en Comunicaci\u00f3n. Aqu\u00ed llevar\u00e9 al d\u00eda las inquietudes de los moteros y los afines a [&hellip;]<!-- AddThis Advanced Settings generic via filter on get_the_excerpt --><!-- AddThis Share Buttons generic via filter on get_the_excerpt --><\/p>\n","protected":false},"author":49,"featured_media":0,"comment_status":"open","ping_status":"closed","sticky":false,"template":"","format":"standard","meta":[],"categories":[10,13],"tags":[69,622,624,629,639,641,778,936],"_links":{"self":[{"href":"https:\/\/blogs.hoy.es\/moterosdehoy\/wp-json\/wp\/v2\/posts\/1"}],"collection":[{"href":"https:\/\/blogs.hoy.es\/moterosdehoy\/wp-json\/wp\/v2\/posts"}],"about":[{"href":"https:\/\/blogs.hoy.es\/moterosdehoy\/wp-json\/wp\/v2\/types\/post"}],"author":[{"embeddable":true,"href":"https:\/\/blogs.hoy.es\/moterosdehoy\/wp-json\/wp\/v2\/users\/49"}],"replies":[{"embeddable":true,"href":"https:\/\/blogs.hoy.es\/moterosdehoy\/wp-json\/wp\/v2\/comments?post=1"}],"version-history":[{"count":0,"href":"https:\/\/blogs.hoy.es\/moterosdehoy\/wp-json\/wp\/v2\/posts\/1\/revisions"}],"wp:attachment":[{"href":"https:\/\/blogs.hoy.es\/moterosdehoy\/wp-json\/wp\/v2\/media?parent=1"}],"wp:term":[{"taxonomy":"category","embeddable":true,"href":"https:\/\/blogs.hoy.es\/moterosdehoy\/wp-json\/wp\/v2\/categories?post=1"},{"taxonomy":"post_tag","embeddable":true,"href":"https:\/\/blogs.hoy.es\/moterosdehoy\/wp-json\/wp\/v2\/tags?post=1"}],"curies":[{"name":"wp","href":"https:\/\/api.w.org\/{rel}","templated":true}]}}