{"id":1007,"date":"2014-03-19T18:20:15","date_gmt":"2014-03-19T18:20:15","guid":{"rendered":"http:\/\/blogs.hoy.es\/moterosdehoy\/?p=1007"},"modified":"2014-03-19T18:20:15","modified_gmt":"2014-03-19T18:20:15","slug":"ii-ruta-valle-en-flor","status":"publish","type":"post","link":"https:\/\/blogs.hoy.es\/moterosdehoy\/2014\/03\/19\/ii-ruta-valle-en-flor\/","title":{"rendered":"II Ruta Valle en Flor"},"content":{"rendered":"<p style=\"text-align: justify;\">\u00a0 Est\u00e1 llegando el buen tiempo y as\u00ed pronto la primavera, lo que nos traer\u00e1 un Valle en la zona del Jerte cargado de flores. Las carreteras se llenar\u00e1n de turistas cargados de c\u00e1maras fotogr\u00e1ficas. Desde la parte superior del Valle da la sensaci\u00f3n de haber llegado a un mar de flores. Algo que no solo impresiona a la vista, pues el olfato tambi\u00e9n gozar\u00e1 del espect\u00e1culo.<\/p>\n<div id=\"attachment_1008\" style=\"width: 310px\" class=\"wp-caption alignleft\"><a href=\"\/moterosdehoy\/wp-content\/uploads\/sites\/45\/2014\/03\/II-Ruta-Valle-del-Jerte-en-Flor.jpg\"><img aria-describedby=\"caption-attachment-1008\" loading=\"lazy\" class=\"size-medium wp-image-1008\" title=\"II Ruta Valle del Jerte en Flor\" src=\"\/moterosdehoy\/wp-content\/uploads\/sites\/45\/2014\/03\/II-Ruta-Valle-del-Jerte-en-Flor.jpg\" alt=\"\" width=\"300\" height=\"200\" srcset=\"https:\/\/static-blogs.hoy.es\/wp-content\/uploads\/sites\/45\/2014\/03\/II-Ruta-Valle-del-Jerte-en-Flor.jpg 960w, https:\/\/static-blogs.hoy.es\/wp-content\/uploads\/sites\/45\/2014\/03\/II-Ruta-Valle-del-Jerte-en-Flor-300x200.jpg 300w, https:\/\/static-blogs.hoy.es\/wp-content\/uploads\/sites\/45\/2014\/03\/II-Ruta-Valle-del-Jerte-en-Flor-768x512.jpg 768w\" sizes=\"(max-width: 300px) 100vw, 300px\" \/><\/a><p id=\"caption-attachment-1008\" class=\"wp-caption-text\">Cartel del evento<\/p><\/div>\n<p style=\"text-align: justify;\">\u00a0 Pues como no sumando todo eso ah\u00ed llegamos nosotros, los moteros. Para disfrutar del paisaje, de esas maravillosas carreteras cargadas de curvas y deleitarnos con una buena ruta.<\/p>\n<p style=\"text-align: justify;\">\u00a0 En \u00e9sta ocasi\u00f3n la Asociaci\u00f3n Moto Custom de Extremadura, organiza una ruta por el Valle. Tendr\u00e1 lugar el s\u00e1bado 29 de marzo 2014, con el punto de partida en la Avd. del Valle, en Plasencia (C\u00e1ceres), concretamente a las 17:00h, en el Bar la Moraga. La idea es observar los colores del atardecer sobre todo ese mar de flores.<\/p>\n<p style=\"text-align: justify;\">\u00a0 A su regreso sobre las 21:00h, tienen preparada una Barbacoa y la mejor m\u00fasica.<\/p>\n<p style=\"text-align: justify;\">\u00a0 La Ruta tiene como trasfondo realizar un homenaje a Carlos &#8220;Luna&#8221;<\/p>\n<p style=\"text-align: justify;\">\u00a0 \u00a0 <a title=\"Enlace al facebook de Moteros de Hoy\" href=\"https:\/\/www.facebook.com\/moterosdehoy\" target=\"_blank\" rel=\"external nofollow\">Saludos y r\u00e1fagas<\/a>.<\/p>\n<!-- AddThis Advanced Settings generic via filter on the_content --><!-- AddThis Share Buttons generic via filter on the_content -->","protected":false},"excerpt":{"rendered":"<p>\u00a0 Est\u00e1 llegando el buen tiempo y as\u00ed pronto la primavera, lo que nos traer\u00e1 un Valle en la zona del Jerte cargado de flores. Las carreteras se llenar\u00e1n de turistas cargados de c\u00e1maras fotogr\u00e1ficas. Desde la parte superior del Valle da la sensaci\u00f3n de haber llegado a un mar de flores. Algo que no [&hellip;]<!-- AddThis Advanced Settings generic via filter on get_the_excerpt --><!-- AddThis Share Buttons generic via filter on get_the_excerpt --><\/p>\n","protected":false},"author":49,"featured_media":0,"comment_status":"open","ping_status":"closed","sticky":false,"template":"","format":"standard","meta":[],"categories":[13],"tags":[77,497,622,624],"_links":{"self":[{"href":"https:\/\/blogs.hoy.es\/moterosdehoy\/wp-json\/wp\/v2\/posts\/1007"}],"collection":[{"href":"https:\/\/blogs.hoy.es\/moterosdehoy\/wp-json\/wp\/v2\/posts"}],"about":[{"href":"https:\/\/blogs.hoy.es\/moterosdehoy\/wp-json\/wp\/v2\/types\/post"}],"author":[{"embeddable":true,"href":"https:\/\/blogs.hoy.es\/moterosdehoy\/wp-json\/wp\/v2\/users\/49"}],"replies":[{"embeddable":true,"href":"https:\/\/blogs.hoy.es\/moterosdehoy\/wp-json\/wp\/v2\/comments?post=1007"}],"version-history":[{"count":0,"href":"https:\/\/blogs.hoy.es\/moterosdehoy\/wp-json\/wp\/v2\/posts\/1007\/revisions"}],"wp:attachment":[{"href":"https:\/\/blogs.hoy.es\/moterosdehoy\/wp-json\/wp\/v2\/media?parent=1007"}],"wp:term":[{"taxonomy":"category","embeddable":true,"href":"https:\/\/blogs.hoy.es\/moterosdehoy\/wp-json\/wp\/v2\/categories?post=1007"},{"taxonomy":"post_tag","embeddable":true,"href":"https:\/\/blogs.hoy.es\/moterosdehoy\/wp-json\/wp\/v2\/tags?post=1007"}],"curies":[{"name":"wp","href":"https:\/\/api.w.org\/{rel}","templated":true}]}}