{"id":1009,"date":"2014-03-19T23:13:27","date_gmt":"2014-03-19T23:13:27","guid":{"rendered":"http:\/\/blogs.hoy.es\/moterosdehoy\/?p=1009"},"modified":"2014-03-19T23:13:27","modified_gmt":"2014-03-19T23:13:27","slug":"kedada-motera-cultural-en-badajoz","status":"publish","type":"post","link":"https:\/\/blogs.hoy.es\/moterosdehoy\/2014\/03\/19\/kedada-motera-cultural-en-badajoz\/","title":{"rendered":"Kedada Motera Cultural en Badajoz"},"content":{"rendered":"<p style=\"text-align: justify;\">\u00a0 El 3.24 Club, sito en el Pol\u00edgono del Nevero en Badajoz, cuyo local es conocido por Hollister Club, nos ha preparado una Kedada Motera Cultural para visitar el reci\u00e9n rehabilitado e inaugurado Fuerte de San Cristobal de Badajoz.<\/p>\n<div id=\"attachment_1010\" style=\"width: 222px\" class=\"wp-caption alignleft\"><a href=\"\/moterosdehoy\/wp-content\/uploads\/sites\/45\/2014\/03\/Kedada-Motera.jpg\"><img aria-describedby=\"caption-attachment-1010\" loading=\"lazy\" class=\"size-medium wp-image-1010\" title=\"Kedada Motera\" src=\"\/moterosdehoy\/wp-content\/uploads\/sites\/45\/2014\/03\/Kedada-Motera.jpg\" alt=\"\" width=\"212\" height=\"300\" srcset=\"https:\/\/static-blogs.hoy.es\/wp-content\/uploads\/sites\/45\/2014\/03\/Kedada-Motera.jpg 679w, https:\/\/static-blogs.hoy.es\/wp-content\/uploads\/sites\/45\/2014\/03\/Kedada-Motera-212x300.jpg 212w\" sizes=\"(max-width: 212px) 100vw, 212px\" \/><\/a><p id=\"caption-attachment-1010\" class=\"wp-caption-text\">Cartel del evento<\/p><\/div>\n<p style=\"text-align: justify;\">\u00a0 El punto de comienzo ser\u00e1 a las 10:00 en el B\u00e1 de Fran, junto al parque de San Fernando en Badajoz, quien ofrecer\u00e1 sus famosas migas a los que pidan caf\u00e9.<\/p>\n<p style=\"text-align: justify;\">\u00a0 \u00a0Tras dar tiempo para terminar las migas, se realizar\u00e1 una ruta por ciudad para llegar al <a title=\"Fuerte de San Cristobal de Badajoz\" href=\"http:\/\/www.hoy.es\/20140203\/local\/badajoz\/fuerte-cristobal-abre-puertas-201402031243.html\" target=\"_blank\" rel=\"external nofollow\">Fuerte de San Cristobal<\/a>, donde habr\u00e1 una visita guiada.<\/p>\n<p style=\"text-align: justify;\">\u00a0 \u00a0La kedada continuar\u00e1 con una RUTA BAR\u00cdTIMA en la que habr\u00e1 paella, finalizando en las instalaciones del 3.24 Club, Hollister, donde habr\u00e1 comida y una bebida.<\/p>\n<p style=\"text-align: justify;\">\u00a0 Todo ello por una <strong>inscripci\u00f3n de 5\u20ac<\/strong>, que podr\u00e1s sacar anticipadamente en el B\u00e1 de Fran o el propio 3.24 Club.<\/p>\n<p style=\"text-align: justify;\">\u00a0 \u00a0Tras la comida estar\u00e1 la actuaci\u00f3n de IRIDIUM y se podr\u00e1 participar en su pr\u00f3ximo v\u00eddeoclip.<\/p>\n<p style=\"text-align: justify;\">\u00a0 Ser\u00e1 una buena oportunidad para realizar una visita con gu\u00eda al Fuerte de San Cristobal, adem\u00e1s de compartir un buen rato con los colegas moteros de la zona.<\/p>\n<p style=\"text-align: justify;\">\u00a0 <a title=\"Enlace al facebook de Moteros de Hoy\" href=\"https:\/\/www.facebook.com\/moterosdehoy\" target=\"_blank\" rel=\"external nofollow\">Saludos y r\u00e1fagas<\/a>.<\/p>\n<!-- AddThis Advanced Settings generic via filter on the_content --><!-- AddThis Share Buttons generic via filter on the_content -->","protected":false},"excerpt":{"rendered":"<p>\u00a0 El 3.24 Club, sito en el Pol\u00edgono del Nevero en Badajoz, cuyo local es conocido por Hollister Club, nos ha preparado una Kedada Motera Cultural para visitar el reci\u00e9n rehabilitado e inaugurado Fuerte de San Cristobal de Badajoz. \u00a0 El punto de comienzo ser\u00e1 a las 10:00 en el B\u00e1 de Fran, junto al [&hellip;]<!-- AddThis Advanced Settings generic via filter on get_the_excerpt --><!-- AddThis Share Buttons generic via filter on get_the_excerpt --><\/p>\n","protected":false},"author":49,"featured_media":0,"comment_status":"open","ping_status":"closed","sticky":false,"template":"","format":"standard","meta":[],"categories":[13],"tags":[421,549,622,624,639],"_links":{"self":[{"href":"https:\/\/blogs.hoy.es\/moterosdehoy\/wp-json\/wp\/v2\/posts\/1009"}],"collection":[{"href":"https:\/\/blogs.hoy.es\/moterosdehoy\/wp-json\/wp\/v2\/posts"}],"about":[{"href":"https:\/\/blogs.hoy.es\/moterosdehoy\/wp-json\/wp\/v2\/types\/post"}],"author":[{"embeddable":true,"href":"https:\/\/blogs.hoy.es\/moterosdehoy\/wp-json\/wp\/v2\/users\/49"}],"replies":[{"embeddable":true,"href":"https:\/\/blogs.hoy.es\/moterosdehoy\/wp-json\/wp\/v2\/comments?post=1009"}],"version-history":[{"count":0,"href":"https:\/\/blogs.hoy.es\/moterosdehoy\/wp-json\/wp\/v2\/posts\/1009\/revisions"}],"wp:attachment":[{"href":"https:\/\/blogs.hoy.es\/moterosdehoy\/wp-json\/wp\/v2\/media?parent=1009"}],"wp:term":[{"taxonomy":"category","embeddable":true,"href":"https:\/\/blogs.hoy.es\/moterosdehoy\/wp-json\/wp\/v2\/categories?post=1009"},{"taxonomy":"post_tag","embeddable":true,"href":"https:\/\/blogs.hoy.es\/moterosdehoy\/wp-json\/wp\/v2\/tags?post=1009"}],"curies":[{"name":"wp","href":"https:\/\/api.w.org\/{rel}","templated":true}]}}