{"id":1011,"date":"2014-03-21T16:19:13","date_gmt":"2014-03-21T16:19:13","guid":{"rendered":"http:\/\/blogs.hoy.es\/moterosdehoy\/?p=1011"},"modified":"2014-03-21T16:19:13","modified_gmt":"2014-03-21T16:19:13","slug":"iii-reunion-motera-solidaria-alkornomotos","status":"publish","type":"post","link":"https:\/\/blogs.hoy.es\/moterosdehoy\/2014\/03\/21\/iii-reunion-motera-solidaria-alkornomotos\/","title":{"rendered":"III Reuni\u00f3n Motera Solidaria Alkornomotos"},"content":{"rendered":"<p style=\"text-align: justify;\">\u00a0 La Pe\u00f1a Motera <a title=\"Blog de la Pe\u00f1a Motera\" href=\"http:\/\/alkornomotos.blogspot.com.es\/\" rel=\"external nofollow\">Alkornomotos<\/a>, de la localidad de <a title=\"Zahinos en wikipedia\" href=\"http:\/\/es.wikipedia.org\/wiki\/Zah%C3%ADnos\" rel=\"external nofollow\">Zahinos<\/a> (Badajoz), nos ha preparado una reuni\u00f3n motera para el d\u00eda 13 de abril 2014.<\/p>\n<div id=\"attachment_1012\" style=\"width: 222px\" class=\"wp-caption alignleft\"><a href=\"\/moterosdehoy\/wp-content\/uploads\/sites\/45\/2014\/03\/Alkornomotos.jpg\"><img aria-describedby=\"caption-attachment-1012\" loading=\"lazy\" class=\"size-medium wp-image-1012\" title=\"Alkornomotos\" src=\"\/moterosdehoy\/wp-content\/uploads\/sites\/45\/2014\/03\/Alkornomotos.jpg\" alt=\"\" width=\"212\" height=\"300\" srcset=\"https:\/\/static-blogs.hoy.es\/wp-content\/uploads\/sites\/45\/2014\/03\/Alkornomotos.jpg 585w, https:\/\/static-blogs.hoy.es\/wp-content\/uploads\/sites\/45\/2014\/03\/Alkornomotos-212x300.jpg 212w\" sizes=\"(max-width: 212px) 100vw, 212px\" \/><\/a><p id=\"caption-attachment-1012\" class=\"wp-caption-text\">Cartel del evento<\/p><\/div>\n<p style=\"text-align: justify;\">\u00a0 Sera su tercera reuni\u00f3n motera solidaria.<\/p>\n<p style=\"text-align: justify;\">\u00a0 El car\u00e1cter solidario llega marcado hacia la <a title=\"Asociaci\u00f3n Oncol\u00f3gica Extreme\u00f1a\" href=\"http:\/\/www.aoex.es\/\" rel=\"external nofollow\">Asociaci\u00f3n Oncol\u00f3gica Extreme\u00f1a<\/a> y su gran labor de lucha contra el c\u00e1ncer y apoyo a los enfermos y a las familias aquejadas por esta grave y extendida enfermedad.<\/p>\n<p style=\"text-align: justify;\">\u00a0<strong> PROGRAMA:<\/strong><\/p>\n<p style=\"text-align: justify;\">09:30h \/ 10:30h desayuno.<\/p>\n<p style=\"text-align: justify;\">11:00h inicio de ruta con picoteo.<\/p>\n<p style=\"text-align: justify;\">14:00h comida<\/p>\n<p style=\"text-align: justify;\">\u00a0 Para participar en el evento hay una <strong>inscripci\u00f3n de 7\u20ac<\/strong><\/p>\n<p style=\"text-align: justify;\">\u00a0 Desde la organizaci\u00f3n no han facilitado m\u00e1s datos, si necesitas algo m\u00e1s \u00a0puedes contactar con ellos a trav\u00e9s de facebook o su blog, cuyo enlace est\u00e1 arriba.<\/p>\n<p style=\"text-align: justify;\">\u00a0\u00a0<a title=\"Enlace al facebook de Moteros de Hoy\" href=\"https:\/\/www.facebook.com\/moterosdehoy\" target=\"_blank\" rel=\"external nofollow\">Saludos y r\u00e1fagas.<\/a><\/p>\n<!-- AddThis Advanced Settings generic via filter on the_content --><!-- AddThis Share Buttons generic via filter on the_content -->","protected":false},"excerpt":{"rendered":"<p>\u00a0 La Pe\u00f1a Motera Alkornomotos, de la localidad de Zahinos (Badajoz), nos ha preparado una reuni\u00f3n motera para el d\u00eda 13 de abril 2014. \u00a0 Sera su tercera reuni\u00f3n motera solidaria. \u00a0 El car\u00e1cter solidario llega marcado hacia la Asociaci\u00f3n Oncol\u00f3gica Extreme\u00f1a y su gran labor de lucha contra el c\u00e1ncer y apoyo a los [&hellip;]<!-- AddThis Advanced Settings generic via filter on get_the_excerpt --><!-- AddThis Share Buttons generic via filter on get_the_excerpt --><\/p>\n","protected":false},"author":49,"featured_media":0,"comment_status":"open","ping_status":"closed","sticky":false,"template":"","format":"standard","meta":[],"categories":[13],"tags":[50,506,622,624,639,695],"_links":{"self":[{"href":"https:\/\/blogs.hoy.es\/moterosdehoy\/wp-json\/wp\/v2\/posts\/1011"}],"collection":[{"href":"https:\/\/blogs.hoy.es\/moterosdehoy\/wp-json\/wp\/v2\/posts"}],"about":[{"href":"https:\/\/blogs.hoy.es\/moterosdehoy\/wp-json\/wp\/v2\/types\/post"}],"author":[{"embeddable":true,"href":"https:\/\/blogs.hoy.es\/moterosdehoy\/wp-json\/wp\/v2\/users\/49"}],"replies":[{"embeddable":true,"href":"https:\/\/blogs.hoy.es\/moterosdehoy\/wp-json\/wp\/v2\/comments?post=1011"}],"version-history":[{"count":0,"href":"https:\/\/blogs.hoy.es\/moterosdehoy\/wp-json\/wp\/v2\/posts\/1011\/revisions"}],"wp:attachment":[{"href":"https:\/\/blogs.hoy.es\/moterosdehoy\/wp-json\/wp\/v2\/media?parent=1011"}],"wp:term":[{"taxonomy":"category","embeddable":true,"href":"https:\/\/blogs.hoy.es\/moterosdehoy\/wp-json\/wp\/v2\/categories?post=1011"},{"taxonomy":"post_tag","embeddable":true,"href":"https:\/\/blogs.hoy.es\/moterosdehoy\/wp-json\/wp\/v2\/tags?post=1011"}],"curies":[{"name":"wp","href":"https:\/\/api.w.org\/{rel}","templated":true}]}}