{"id":1014,"date":"2014-03-24T22:51:55","date_gmt":"2014-03-24T22:51:55","guid":{"rendered":"http:\/\/blogs.hoy.es\/moterosdehoy\/?p=1014"},"modified":"2014-03-24T22:51:55","modified_gmt":"2014-03-24T22:51:55","slug":"hermanamiento-motero-hispano-luso-en-badajoz","status":"publish","type":"post","link":"https:\/\/blogs.hoy.es\/moterosdehoy\/2014\/03\/24\/hermanamiento-motero-hispano-luso-en-badajoz\/","title":{"rendered":"Hermanamiento motero Hispano-Luso en Badajoz"},"content":{"rendered":"<p style=\"text-align: justify;\"><strong>\u00a0 Si quieres ver el texto en <a title=\"Post en portugu\u00e9s\" href=\"http:\/\/www.moterosdehoy.es\/2014\/03\/26\/hermanamiento-motero-hispano-luso\/\" target=\"_blank\" rel=\"external nofollow\">portugu\u00e9s clic aqu\u00ed<\/a>.<\/strong><\/p>\n<p style=\"text-align: justify;\">\u00a0 Son muchas las iniciativas que nos encontramos hoy d\u00eda para reunir el pa\u00eds espa\u00f1ol y el portugu\u00e9s. Concretamente tanto en <a title=\"Turismo en Badajoz\" href=\"http:\/\/www.turismobadajoz.es\/\" rel=\"external nofollow\">Badajoz<\/a> como en <a title=\"Elvas en wikipedia\" href=\"http:\/\/es.wikipedia.org\/wiki\/Elvas\" rel=\"external nofollow\">Elvas<\/a> se han llevado varias propuestas adelante y desde que Elvas ha conseguido ser Patrimonio de la Humanidad se intentan conectar ambas ciudades desde su historia.<\/p>\n<p style=\"text-align: justify;\">\u00a0La prueba fehaciente en Badajoz la tenemos en el reci\u00e9n renovado <a title=\"Rehabilitaci\u00f3n del Fuerte de San Cristobal\" href=\"http:\/\/www.hoy.es\/20140203\/local\/badajoz\/fuerte-cristobal-abre-puertas-201402031243.html\" target=\"_blank\" rel=\"external nofollow\">Fuerte de San Cristobal<\/a>, en el que adem\u00e1s al restaurarlo han colocado las batallas que le acontecieron y un audiovisual de dos soldados enfrentados por la guerra, uno en cada pa\u00eds y sin embargo familia.<\/p>\n<div id=\"attachment_1015\" style=\"width: 222px\" class=\"wp-caption alignleft\"><a href=\"\/moterosdehoy\/wp-content\/uploads\/sites\/45\/2014\/03\/1er-Hemanamiento-Motero.jpg\"><img aria-describedby=\"caption-attachment-1015\" loading=\"lazy\" class=\"size-medium wp-image-1015\" title=\"1er Hemanamiento Motero\" src=\"\/moterosdehoy\/wp-content\/uploads\/sites\/45\/2014\/03\/1er-Hemanamiento-Motero.jpg\" alt=\"\" width=\"212\" height=\"300\" srcset=\"https:\/\/static-blogs.hoy.es\/wp-content\/uploads\/sites\/45\/2014\/03\/1er-Hemanamiento-Motero.jpg 1240w, https:\/\/static-blogs.hoy.es\/wp-content\/uploads\/sites\/45\/2014\/03\/1er-Hemanamiento-Motero-212x300.jpg 212w, https:\/\/static-blogs.hoy.es\/wp-content\/uploads\/sites\/45\/2014\/03\/1er-Hemanamiento-Motero-768x1086.jpg 768w, https:\/\/static-blogs.hoy.es\/wp-content\/uploads\/sites\/45\/2014\/03\/1er-Hemanamiento-Motero-724x1024.jpg 724w\" sizes=\"(max-width: 212px) 100vw, 212px\" \/><\/a><p id=\"caption-attachment-1015\" class=\"wp-caption-text\">Cartel del evento<\/p><\/div>\n<p style=\"text-align: justify;\">\u00a0 Pero regresando a las motos, en Badajoz nos encontramos con un Restaurante reci\u00e9n regentado por un portugu\u00e9s motero y no entiende como una l\u00ednea, hoy d\u00eda pr\u00e1cticamente en los mapas y poco m\u00e1s, puede dividir de tal forma a un colectivo. Por ahora las concentraciones y quedadas moteras de un pa\u00eds son frecuentadas por muy pocos del vecino y la intenci\u00f3n es conocernos y unirnos.<\/p>\n<p style=\"text-align: justify;\">\u00a0 Para ello ha organizado un <strong>Primer Hermanamiento Motero Solidario Hispano-Luso<\/strong>, teniendo lugar el d\u00eda<strong> 12 de abril 2014<\/strong>.<\/p>\n<p style=\"text-align: justify;\">\u00a0 El encuentro iniciar\u00e1 a la vez tanto en Badajoz, donde se concentrar\u00e1n a las <strong>09:00h<\/strong> los moteros en el Bar la Soledad, sito en la C\/. Porvenir de San Roque, para desayunar e iniciar una <strong>ruta a las 10:00h a Elvas<\/strong>, donde se reunir\u00e1n con los moteros de Portugal en la Plaza de la localidad, donde se comenzar\u00e1n a reunir desde las 09:30h horario espa\u00f1ol.<\/p>\n<p style=\"text-align: justify;\">\u00a0 Una vez all\u00ed podr\u00e1n tomar caf\u00e9 y deleitarse de los pasteles portugueses en las cafeter\u00edas y pasteler\u00edas del lugar, adem\u00e1s de poder visitar la iglesia aleda\u00f1a a la Plaza, la cual ya est\u00e1 preparada para esperar a los moteros.<\/p>\n<p style=\"text-align: justify;\">\u00a0 Sobre las <strong>11:00h<\/strong> se iniciar\u00e1 una <strong>ruta hacia Badajoz<\/strong>, de entrada por Puente Ayuda, Olivenza, Badajoz, realizando una parada en el <a title=\"El B\u00e1 de Fran, Badajoz\" href=\"http:\/\/badajoz.portaldetuciudad.com\/bares-de-canas\/el-ba-de-fran\/002_59083.html\" target=\"_blank\" rel=\"external nofollow\">B\u00e1 de Fran<\/a>, conocido establecimiento de Badajoz que cuida a los moteros. All\u00ed habr\u00e1 una parrillada, para coger fuerzas y posteriormente visitar el Fuerte de San Cristobal, donde se podr\u00e1n realizar unas fotograf\u00edas increibles y ver algo de historia de los dos pa\u00edses.<\/p>\n<div id=\"attachment_1016\" style=\"width: 280px\" class=\"wp-caption alignright\"><a href=\"\/moterosdehoy\/wp-content\/uploads\/sites\/45\/2014\/03\/cruz-de-malta-calavera.jpg\"><img aria-describedby=\"caption-attachment-1016\" loading=\"lazy\" class=\"size-medium wp-image-1016\" title=\"cruz de malta calavera\" src=\"\/moterosdehoy\/wp-content\/uploads\/sites\/45\/2014\/03\/cruz-de-malta-calavera.jpg\" alt=\"\" width=\"270\" height=\"300\" srcset=\"https:\/\/static-blogs.hoy.es\/wp-content\/uploads\/sites\/45\/2014\/03\/cruz-de-malta-calavera.jpg 1462w, https:\/\/static-blogs.hoy.es\/wp-content\/uploads\/sites\/45\/2014\/03\/cruz-de-malta-calavera-270x300.jpg 270w, https:\/\/static-blogs.hoy.es\/wp-content\/uploads\/sites\/45\/2014\/03\/cruz-de-malta-calavera-768x852.jpg 768w, https:\/\/static-blogs.hoy.es\/wp-content\/uploads\/sites\/45\/2014\/03\/cruz-de-malta-calavera-923x1024.jpg 923w\" sizes=\"(max-width: 270px) 100vw, 270px\" \/><\/a><p id=\"caption-attachment-1016\" class=\"wp-caption-text\">Logo del evento<\/p><\/div>\n<p style=\"text-align: justify;\">\u00a0 Para terminar se desplazar\u00e1n hacia el Bar la Soledad, donde les espera parrillada y m\u00fasica para amenizarla, no sin antes pasar junto a la muralla de la Alcazaba, tambi\u00e9n rehabilitada no hace mucho tiempo y deseosa de recibir miradas.<\/p>\n<p style=\"text-align: justify;\">\u00a0 <strong>No hay ninguna inscripci\u00f3n.<\/strong> El encuentro tiene car\u00e1cter solidario, dado que el Bar la Soledad se encuentra justo enfrente de la Parroquia de su barriada y Luis, organizador del evento, es buen conocedor de las dificultades que cruzan en \u00e9stos momentos, por lo que aprovechando el evento y la confluencia de personal, <strong>pide a todo el que asista, acuda con un kilo de alimento no perecedero para donarlo a c\u00e1ritas de la parroquia<\/strong>, aunque vaya sin motocicleta y s\u00f3lo se pase por all\u00ed por disfrutar del ambiente motero y tomar algo.<\/p>\n<p style=\"text-align: justify;\">\u00a0 El acto de la donaci\u00f3n se realizar\u00e1 al regreso a Badajoz tras la visita al Fuerte de San Cristobal, aprovechando que el p\u00e1rroco realizar\u00e1 una bendici\u00f3n de los cascos de los moteros.<\/p>\n<p style=\"text-align: justify;\">\u00a0 <a title=\"Enlace al facebook de Moteros de Hoy\" href=\"https:\/\/www.facebook.com\/moterosdehoy\" target=\"_blank\" rel=\"external nofollow\">Saludos y r\u00e1fagas<\/a>.<\/p>\n<!-- AddThis Advanced Settings generic via filter on the_content --><!-- AddThis Share Buttons generic via filter on the_content -->","protected":false},"excerpt":{"rendered":"<p>\u00a0 Si quieres ver el texto en portugu\u00e9s clic aqu\u00ed. \u00a0 Son muchas las iniciativas que nos encontramos hoy d\u00eda para reunir el pa\u00eds espa\u00f1ol y el portugu\u00e9s. Concretamente tanto en Badajoz como en Elvas se han llevado varias propuestas adelante y desde que Elvas ha conseguido ser Patrimonio de la Humanidad se intentan conectar [&hellip;]<!-- AddThis Advanced Settings generic via filter on get_the_excerpt --><!-- AddThis Share Buttons generic via filter on get_the_excerpt --><\/p>\n","protected":false},"author":49,"featured_media":0,"comment_status":"open","ping_status":"closed","sticky":false,"template":"","format":"standard","meta":[],"categories":[13],"tags":[85,99,420,622,639,799],"_links":{"self":[{"href":"https:\/\/blogs.hoy.es\/moterosdehoy\/wp-json\/wp\/v2\/posts\/1014"}],"collection":[{"href":"https:\/\/blogs.hoy.es\/moterosdehoy\/wp-json\/wp\/v2\/posts"}],"about":[{"href":"https:\/\/blogs.hoy.es\/moterosdehoy\/wp-json\/wp\/v2\/types\/post"}],"author":[{"embeddable":true,"href":"https:\/\/blogs.hoy.es\/moterosdehoy\/wp-json\/wp\/v2\/users\/49"}],"replies":[{"embeddable":true,"href":"https:\/\/blogs.hoy.es\/moterosdehoy\/wp-json\/wp\/v2\/comments?post=1014"}],"version-history":[{"count":0,"href":"https:\/\/blogs.hoy.es\/moterosdehoy\/wp-json\/wp\/v2\/posts\/1014\/revisions"}],"wp:attachment":[{"href":"https:\/\/blogs.hoy.es\/moterosdehoy\/wp-json\/wp\/v2\/media?parent=1014"}],"wp:term":[{"taxonomy":"category","embeddable":true,"href":"https:\/\/blogs.hoy.es\/moterosdehoy\/wp-json\/wp\/v2\/categories?post=1014"},{"taxonomy":"post_tag","embeddable":true,"href":"https:\/\/blogs.hoy.es\/moterosdehoy\/wp-json\/wp\/v2\/tags?post=1014"}],"curies":[{"name":"wp","href":"https:\/\/api.w.org\/{rel}","templated":true}]}}