{"id":1018,"date":"2014-03-26T16:25:56","date_gmt":"2014-03-26T16:25:56","guid":{"rendered":"http:\/\/blogs.hoy.es\/moterosdehoy\/?p=1018"},"modified":"2014-03-26T16:25:56","modified_gmt":"2014-03-26T16:25:56","slug":"vii-rejunta-motera-en-quintana-de-la-serena","status":"publish","type":"post","link":"https:\/\/blogs.hoy.es\/moterosdehoy\/2014\/03\/26\/vii-rejunta-motera-en-quintana-de-la-serena\/","title":{"rendered":"VII Rejunt\u00e1 Motera, en Quintana de la Serena"},"content":{"rendered":"<div id=\"id_5332fa64482146b67834457\">\u00a0 \u00a0El domingo 6 de Abril 2014 el &#8220;Caf\u00e9 Bar Grego&#8221; de la localidad <a title=\"Quintana de la Serena en wikipedia\" href=\"http:\/\/es.wikipedia.org\/wiki\/Quintana_de_la_Serena\" rel=\"external nofollow\">Quintana de la Serena<\/a> (<a title=\"Turismo en Badajoz\" href=\"http:\/\/www.turismobadajoz.es\/\" rel=\"external nofollow\">Badajoz<\/a>), nos trae una Rejunt\u00e1 Motera, en esta ocasi\u00f3n es ya la s\u00e9ptima.<\/div>\n<div><\/div>\n<div>\n<div id=\"attachment_1019\" style=\"width: 218px\" class=\"wp-caption alignleft\"><a href=\"\/moterosdehoy\/wp-content\/uploads\/sites\/45\/2014\/03\/Quintana-de-la-Serena.jpg\"><img aria-describedby=\"caption-attachment-1019\" loading=\"lazy\" class=\"size-medium wp-image-1019\" title=\"Quintana de la Serena\" src=\"\/moterosdehoy\/wp-content\/uploads\/sites\/45\/2014\/03\/Quintana-de-la-Serena.jpg\" alt=\"\" width=\"208\" height=\"300\" srcset=\"https:\/\/static-blogs.hoy.es\/wp-content\/uploads\/sites\/45\/2014\/03\/Quintana-de-la-Serena.jpg 393w, https:\/\/static-blogs.hoy.es\/wp-content\/uploads\/sites\/45\/2014\/03\/Quintana-de-la-Serena-208x300.jpg 208w\" sizes=\"(max-width: 208px) 100vw, 208px\" \/><\/a><p id=\"caption-attachment-1019\" class=\"wp-caption-text\">Cartel del evento<\/p><\/div>\n<p>Dentro del programa nos tienen previstos los siguientes actos:<\/p>\n<\/div>\n<div>&#8211; 10:30- Desayuno en Caf\u00e9 Bar Grego.<br \/>\n&#8211; 11:30- Ruta moto-tur\u00edstica por la comarca.<br \/>\n&#8211; 13:00- Llegaga a Caf\u00e9 Bar Grego, fiesta motera&#8230;cervecita, tapas, parrillada y buena m\u00fasica.<br \/>\n&#8211; 15:00- Paellada solidaria (1\u20ac en colaboraci\u00f3n con Silvia Macias)<br \/>\n&#8211; 16:00- Exhibici\u00f3n de &#8220;<a title=\"Emilio Zamora en la web\" href=\"http:\/\/www.emiliozamora.com\/\" data-hovercard=\"\/ajax\/hovercard\/user.php?id=100003551473480&#038;extragetparams=%7B%22directed_target_id%22%3A0%7D\" rel=\"external nofollow\">Emilio Zamora<\/a>&#8221;<br \/>\n&#8211; 18:00- Sorteo de regalos y despedida.<\/div>\n<div style=\"text-align: justify;\"><\/div>\n<div style=\"text-align: justify;\">\u00a0 Si a\u00fan no has visto ninguna exhibici\u00f3n de Stund de Emilio Zamora esta es tu oportunidad, es realmente impresionante.<\/div>\n<div style=\"text-align: justify;\"><\/div>\n<div style=\"text-align: justify;\">\u00a0 Quintana de la Serena es una localidad de la Comarca de La Serena, conocida como la Ciudad del Granito por las canteras de granito que posee. La localidad tiene restos que muestran que ya estaba presente en el calcol\u00edtico.<\/div>\n<div style=\"text-align: justify;\"><\/div>\n<div style=\"text-align: justify;\">\u00a0\u00a0<a title=\"Enlace al facebook de Moteros de Hoy\" href=\"https:\/\/www.facebook.com\/moterosdehoy\" rel=\"external nofollow\">Saludos y r\u00e1fagas<\/a>.<\/div>\n<p>&nbsp;<\/p>\n<!-- AddThis Advanced Settings generic via filter on the_content --><!-- AddThis Share Buttons generic via filter on the_content -->","protected":false},"excerpt":{"rendered":"<p>\u00a0 \u00a0El domingo 6 de Abril 2014 el &#8220;Caf\u00e9 Bar Grego&#8221; de la localidad Quintana de la Serena (Badajoz), nos trae una Rejunt\u00e1 Motera, en esta ocasi\u00f3n es ya la s\u00e9ptima. Dentro del programa nos tienen previstos los siguientes actos: &#8211; 10:30- Desayuno en Caf\u00e9 Bar Grego. &#8211; 11:30- Ruta moto-tur\u00edstica por la comarca. &#8211; [&hellip;]<!-- AddThis Advanced Settings generic via filter on get_the_excerpt --><!-- AddThis Share Buttons generic via filter on get_the_excerpt --><\/p>\n","protected":false},"author":49,"featured_media":0,"comment_status":"open","ping_status":"closed","sticky":false,"template":"","format":"standard","meta":[],"categories":[13],"tags":[367,621,622,639,830,1007],"_links":{"self":[{"href":"https:\/\/blogs.hoy.es\/moterosdehoy\/wp-json\/wp\/v2\/posts\/1018"}],"collection":[{"href":"https:\/\/blogs.hoy.es\/moterosdehoy\/wp-json\/wp\/v2\/posts"}],"about":[{"href":"https:\/\/blogs.hoy.es\/moterosdehoy\/wp-json\/wp\/v2\/types\/post"}],"author":[{"embeddable":true,"href":"https:\/\/blogs.hoy.es\/moterosdehoy\/wp-json\/wp\/v2\/users\/49"}],"replies":[{"embeddable":true,"href":"https:\/\/blogs.hoy.es\/moterosdehoy\/wp-json\/wp\/v2\/comments?post=1018"}],"version-history":[{"count":0,"href":"https:\/\/blogs.hoy.es\/moterosdehoy\/wp-json\/wp\/v2\/posts\/1018\/revisions"}],"wp:attachment":[{"href":"https:\/\/blogs.hoy.es\/moterosdehoy\/wp-json\/wp\/v2\/media?parent=1018"}],"wp:term":[{"taxonomy":"category","embeddable":true,"href":"https:\/\/blogs.hoy.es\/moterosdehoy\/wp-json\/wp\/v2\/categories?post=1018"},{"taxonomy":"post_tag","embeddable":true,"href":"https:\/\/blogs.hoy.es\/moterosdehoy\/wp-json\/wp\/v2\/tags?post=1018"}],"curies":[{"name":"wp","href":"https:\/\/api.w.org\/{rel}","templated":true}]}}