{"id":1021,"date":"2014-03-27T15:41:47","date_gmt":"2014-03-27T15:41:47","guid":{"rendered":"http:\/\/blogs.hoy.es\/moterosdehoy\/?p=1021"},"modified":"2014-03-27T15:41:47","modified_gmt":"2014-03-27T15:41:47","slug":"concentraciones-y-quedadas-moteras-abril-2014","status":"publish","type":"post","link":"https:\/\/blogs.hoy.es\/moterosdehoy\/2014\/03\/27\/concentraciones-y-quedadas-moteras-abril-2014\/","title":{"rendered":"Concentraciones y quedadas moteras ABRIL 2014"},"content":{"rendered":"<p style=\"text-align: justify;\">\u00a0 \u00a0Estamos en primavera, poco a poco llegar\u00e1 el buen tiempo y evidentemente con ello se comenzar\u00e1n a ver m\u00e1s motos por nuestras calles y carreteras.<\/p>\n<p style=\"text-align: justify;\"><a href=\"\/moterosdehoy\/wp-content\/uploads\/sites\/45\/2014\/03\/Chica-con-moto-3.jpg\"><img loading=\"lazy\" class=\"alignleft size-medium wp-image-1022\" title=\"Chica con moto 3\" src=\"\/moterosdehoy\/wp-content\/uploads\/sites\/45\/2014\/03\/Chica-con-moto-3.jpg\" alt=\"\" width=\"300\" height=\"200\" srcset=\"https:\/\/static-blogs.hoy.es\/wp-content\/uploads\/sites\/45\/2014\/03\/Chica-con-moto-3.jpg 720w, https:\/\/static-blogs.hoy.es\/wp-content\/uploads\/sites\/45\/2014\/03\/Chica-con-moto-3-300x201.jpg 300w\" sizes=\"(max-width: 300px) 100vw, 300px\" \/><\/a>\u00a0 Hay que tener en cuenta que para circular por carretera es muy recomendable realizarlo con prendas de protecci\u00f3n, ya s\u00e9 que no tienes pensado probar lo duro que est\u00e1 el suelo, pero no s\u00f3lo es responsabilidad nuestra, los conductores enlatados no nos ven, as\u00ed que recuerda que una cazadora con protecciones y unos guantes ser\u00e1n tu mejor aliado junto al casco de protecci\u00f3n, sin olvidar unas buenas botas y unos pantalones fuertes.<\/p>\n<p style=\"text-align: justify;\">\u00a0 Aqu\u00ed os dejo un listado de concentraciones y quedadas moteras para el mes de abril:<\/p>\n<h2 style=\"text-align: justify;\">\u00a0 Concentraciones y quedadas en Extremadura:<\/h2>\n<p>D\u00eda <strong>6<\/strong> &#8211; <a title=\"Rejunt\u00e1 Motera\" href=\"https:\/\/blogs.hoy.es\/moterosdehoy\/2014\/03\/26\/vii-rejunta-motera-en-quintana-de-la-serena\/\">VII Rejunt\u00e1 Motera<\/a>, en Quintana de la Serena (<strong>Badajoz<\/strong>)<\/p>\n<p>D\u00eda <strong>6<\/strong> &#8211; <a title=\"Concentraci\u00f3n Motera Solidaria en Almendralejo\" href=\"https:\/\/blogs.hoy.es\/moterosdehoy\/2014\/03\/29\/ii-concentracion-motera-solidaria-en-almendralejo\/\">II Concentraci\u00f3n Motera Solidaria<\/a>, en Almendralejo (<strong>Badajoz<\/strong>)<\/p>\n<p>D\u00eda <strong>6<\/strong> &#8211; <a title=\"ExtreVespa 2014\" href=\"https:\/\/blogs.hoy.es\/moterosdehoy\/2014\/03\/27\/extrevespa-2014\/\">ExtreVespa<\/a>, en Trujillo (<strong>C\u00e1ceres<\/strong>)<\/p>\n<p>D\u00eda <strong>12<\/strong><strong><\/strong> &#8211; <a title=\"Hermanamiento Hispano-Luso\" href=\"https:\/\/blogs.hoy.es\/moterosdehoy\/2014\/03\/24\/hermanamiento-motero-hispano-luso-en-badajoz\/\" target=\"_blank\">I Hermanamiento Motero Solidario Hispano-Luso<\/a>, en <strong>Badajoz<\/strong><\/p>\n<p>Del <strong>13<\/strong> &#8211; <a title=\"Reuni\u00f3n Motera Solidaria Alkornomotos\" href=\"https:\/\/blogs.hoy.es\/moterosdehoy\/2014\/03\/21\/iii-reunion-motera-solidaria-alkornomotos\/\" target=\"_blank\">III Reuni\u00f3n Motera Solidaria Alkornomotos<\/a>, en Zahinos (<strong>Badajoz<\/strong>)<strong><br \/>\n<\/strong><\/p>\n<p>D\u00edas <strong>18 y 19<\/strong> &#8211; <a title=\"Concentraci\u00f3n Motorock\" href=\"http:\/\/www.tumotoweb.com\/destacada.php?id=2902\" rel=\"external nofollow\">Concentraci\u00f3n Motera Rutarock<\/a>, en Valencia de Alc\u00e1ntara (<strong>C\u00e1ceres<\/strong>)<\/p>\n<p>.<\/p>\n<h2><span style=\"font-size: 13px; font-weight: normal;\">\u00a0 Ir\u00e9 agregando m\u00e1s a medida que me vaya enterando. Si quieres ver concentraciones de <a title=\"Concentraciones y quedadas en abril 2014\" href=\"http:\/\/www.moterosdehoy.es\/2014\/03\/27\/concentraciones-y-kdds-moteras-en-abril-2014\/\" target=\"_blank\" rel=\"external nofollow\">fuera de Extremadura clic aqu\u00ed<\/a> y si sabes de alguna y quieres agregarla a la lista, m\u00e1ndanos informaci\u00f3n a moterosdehoy@gmail.com\u00a0<\/span><\/h2>\n<p><strong><a title=\"Enlace al facebook de Moteros de Hoy\" href=\"https:\/\/www.facebook.com\/moteroshoy?ref=hl\" rel=\"external nofollow\" target=\"_blank\">Saludos y r\u00e1fagas<\/a><\/strong>.<\/p>\n<!-- AddThis Advanced Settings generic via filter on the_content --><!-- AddThis Share Buttons generic via filter on the_content -->","protected":false},"excerpt":{"rendered":"<p>\u00a0 \u00a0Estamos en primavera, poco a poco llegar\u00e1 el buen tiempo y evidentemente con ello se comenzar\u00e1n a ver m\u00e1s motos por nuestras calles y carreteras. \u00a0 Hay que tener en cuenta que para circular por carretera es muy recomendable realizarlo con prendas de protecci\u00f3n, ya s\u00e9 que no tienes pensado probar lo duro que [&hellip;]<!-- AddThis Advanced Settings generic via filter on get_the_excerpt --><!-- AddThis Share Buttons generic via filter on get_the_excerpt --><\/p>\n","protected":false},"author":49,"featured_media":0,"comment_status":"open","ping_status":"closed","sticky":false,"template":"","format":"standard","meta":[],"categories":[5,13],"tags":[260,621,622,639],"_links":{"self":[{"href":"https:\/\/blogs.hoy.es\/moterosdehoy\/wp-json\/wp\/v2\/posts\/1021"}],"collection":[{"href":"https:\/\/blogs.hoy.es\/moterosdehoy\/wp-json\/wp\/v2\/posts"}],"about":[{"href":"https:\/\/blogs.hoy.es\/moterosdehoy\/wp-json\/wp\/v2\/types\/post"}],"author":[{"embeddable":true,"href":"https:\/\/blogs.hoy.es\/moterosdehoy\/wp-json\/wp\/v2\/users\/49"}],"replies":[{"embeddable":true,"href":"https:\/\/blogs.hoy.es\/moterosdehoy\/wp-json\/wp\/v2\/comments?post=1021"}],"version-history":[{"count":0,"href":"https:\/\/blogs.hoy.es\/moterosdehoy\/wp-json\/wp\/v2\/posts\/1021\/revisions"}],"wp:attachment":[{"href":"https:\/\/blogs.hoy.es\/moterosdehoy\/wp-json\/wp\/v2\/media?parent=1021"}],"wp:term":[{"taxonomy":"category","embeddable":true,"href":"https:\/\/blogs.hoy.es\/moterosdehoy\/wp-json\/wp\/v2\/categories?post=1021"},{"taxonomy":"post_tag","embeddable":true,"href":"https:\/\/blogs.hoy.es\/moterosdehoy\/wp-json\/wp\/v2\/tags?post=1021"}],"curies":[{"name":"wp","href":"https:\/\/api.w.org\/{rel}","templated":true}]}}