{"id":1024,"date":"2014-03-27T23:33:51","date_gmt":"2014-03-27T23:33:51","guid":{"rendered":"http:\/\/blogs.hoy.es\/moterosdehoy\/?p=1024"},"modified":"2014-03-27T23:33:51","modified_gmt":"2014-03-27T23:33:51","slug":"extrevespa-2014","status":"publish","type":"post","link":"https:\/\/blogs.hoy.es\/moterosdehoy\/2014\/03\/27\/extrevespa-2014\/","title":{"rendered":"ExtreVespa 2014"},"content":{"rendered":"<p style=\"text-align: justify;\">\u00a0 El pr\u00f3ximo domingo\u00a0<strong>6 de Abril<\/strong> llega a <strong><a title=\"Trujillo en wikipedia\" href=\"http:\/\/es.wikipedia.org\/wiki\/Trujillo_(Espa%C3%B1a)\" rel=\"external nofollow\">Trujillo<\/a><\/strong> &#8220;EXTREVESPA\u00b414&#8221;, el primer encuentro organizado por todos los clubes de <a title=\"Im\u00e1genes de Vespas\" href=\"https:\/\/www.google.es\/search?q=Vespas&#038;espv=210&#038;es_sm=93&#038;tbm=isch&#038;tbo=u&#038;source=univ&#038;sa=X&#038;ei=OK80U9urOeXb0QWo6YGwBg&#038;ved=0CC8QsAQ&#038;biw=1280&#038;bih=656\" rel=\"external nofollow\">Vespas<\/a> extreme\u00f1os. En concreto:\u00a0Vespacenses Badajoz, Vespamigos Plasencia, Vespasdelavera Scooter Club, Vespcanallas (C\u00e1ceres), Club Moto-Vespa Alburquerque, Vespa Club Tierra De Barros y Vespreme\u00f1os.<\/p>\n<div id=\"attachment_1025\" style=\"width: 189px\" class=\"wp-caption alignleft\"><a href=\"\/moterosdehoy\/wp-content\/uploads\/sites\/45\/2014\/03\/Extrevespa.jpg\"><img aria-describedby=\"caption-attachment-1025\" loading=\"lazy\" class=\"size-medium wp-image-1025\" title=\"Extrevespa\" src=\"\/moterosdehoy\/wp-content\/uploads\/sites\/45\/2014\/03\/Extrevespa.jpg\" alt=\"\" width=\"179\" height=\"300\" \/><\/a><p id=\"caption-attachment-1025\" class=\"wp-caption-text\">Cartel del evento<\/p><\/div>\n<p style=\"text-align: justify;\">\u00a0 Se trata de un encuentro interclubs donde podre\u00eds pasar un d\u00eda disfrutando al m\u00e1ximo de vuestra afici\u00f3n, compartir experiencias con otros vespistas y disfrutar de la ciudad y sus alrededores. Os esperamos.<\/p>\n<p style=\"text-align: justify;\"><strong>PROGRAMA DE EXTREVESPA\u00b414<\/strong><\/p>\n<p style=\"text-align: justify;\">&#8211; 10:30h. Recepci\u00f3n participantes en la Plaza Mayor de Trujillo.<br \/>\n&#8211; 11:30h. Salida Ruta. Paseo urbano por el casco hist\u00f3rico de Trujillo. Parada en el Castillo. Reagrupaci\u00f3n y ruta.<br \/>\nRUTA: Trujillo &#8211; La Cumbre &#8211; Ruanes &#8211; Ibahernando &#8211; Santa Cruz de la Sierra &#8211; Herguijuela &#8211; Trujillo (63 km. aproximadamente)<br \/>\n&#8211; 12:30h. Parada en ruta en la Plaza Mayor de Santa Cruz de la Sierra.<br \/>\n&#8211; 14:30h. Llegada a Trujillo de nuevo. Comida en Hotel Victoria de Trujillo, sito en Plaza del Campillo, 22.<\/p>\n<p style=\"text-align: justify;\">\u00a0 El precio de la <strong>inscripci\u00f3n es de 15\u20ac<\/strong> (Ni\u00f1os 7,50\u20ac). Para inscribirse hay que hacer el ingreso en la cuenta del Banco Santander:\u00a00030 5273 80 0000269272<\/p>\n<p style=\"text-align: justify;\">\u00a0\u00a0En el recibo de ingreso deber\u00e1 figurar nombre, apellidos y D.N.I. del participante y en el concepto INSCRIPCI\u00d3N EXTREVESPA 2014. El justificante de pago habr\u00e1 que presentarlo en la recepci\u00f3n en Trujillo.\u00a0<a href=\"\/moterosdehoy\/wp-content\/uploads\/sites\/45\/2014\/03\/vespa.jpg\"><img loading=\"lazy\" class=\"alignright size-medium wp-image-1026\" title=\"vespa\" src=\"\/moterosdehoy\/wp-content\/uploads\/sites\/45\/2014\/03\/vespa.jpg\" alt=\"\" width=\"300\" height=\"281\" srcset=\"https:\/\/static-blogs.hoy.es\/wp-content\/uploads\/sites\/45\/2014\/03\/vespa.jpg 543w, https:\/\/static-blogs.hoy.es\/wp-content\/uploads\/sites\/45\/2014\/03\/vespa-300x282.jpg 300w\" sizes=\"(max-width: 300px) 100vw, 300px\" \/><\/a><\/p>\n<p style=\"text-align: justify;\">\u00a0 La <strong>fecha l\u00edmite de inscripci\u00f3n es el 31 de marzo inclusive<\/strong>.<\/p>\n<p style=\"text-align: justify;\">\u00a0Para m\u00e1s informaci\u00f3n pod\u00e9is contactar en los siguientes correos electr\u00f3nicos:<\/p>\n<p style=\"text-align: justify;\">vespamigosplasencia@gmail.com<br \/>\nvespaclubtierradebarros@gmail.com<br \/>\nvespacenses@gmail.com<br \/>\nvespremadura@gmail.com<\/p>\n<p style=\"text-align: justify;\">\u00a0 Actualmente el club de Vespas es el representante de un icono, pues las Vespas tuvieron y contin\u00faan teniendo gran aceptaci\u00f3n, y aunque hoy d\u00eda parezca mentira, con ellas hubieron moteros que se recorrieron toda la pen\u00ednsula e incluso largos viajes internacionales. As\u00ed que no pong\u00e1is pegas y sacar brillo a vuestras Vespas para lucirlas en Trujillo.<\/p>\n<p style=\"text-align: justify;\">\u00a0 <a title=\"Enlace al facebook de Moteros de Hoy\" href=\"https:\/\/www.facebook.com\/moteroshoy?ref=hl\" rel=\"external nofollow\">Saludos y r\u00e1fagas<\/a>.<\/p>\n<!-- AddThis Advanced Settings generic via filter on the_content --><!-- AddThis Share Buttons generic via filter on the_content -->","protected":false},"excerpt":{"rendered":"<p>\u00a0 El pr\u00f3ximo domingo\u00a06 de Abril llega a Trujillo &#8220;EXTREVESPA\u00b414&#8221;, el primer encuentro organizado por todos los clubes de Vespas extreme\u00f1os. En concreto:\u00a0Vespacenses Badajoz, Vespamigos Plasencia, Vespasdelavera Scooter Club, Vespcanallas (C\u00e1ceres), Club Moto-Vespa Alburquerque, Vespa Club Tierra De Barros y Vespreme\u00f1os. \u00a0 Se trata de un encuentro interclubs donde podre\u00eds pasar un d\u00eda disfrutando al [&hellip;]<!-- AddThis Advanced Settings generic via filter on get_the_excerpt --><!-- AddThis Share Buttons generic via filter on get_the_excerpt --><\/p>\n","protected":false},"author":49,"featured_media":0,"comment_status":"open","ping_status":"closed","sticky":false,"template":"","format":"standard","meta":[],"categories":[13],"tags":[384,622,624,639,992],"_links":{"self":[{"href":"https:\/\/blogs.hoy.es\/moterosdehoy\/wp-json\/wp\/v2\/posts\/1024"}],"collection":[{"href":"https:\/\/blogs.hoy.es\/moterosdehoy\/wp-json\/wp\/v2\/posts"}],"about":[{"href":"https:\/\/blogs.hoy.es\/moterosdehoy\/wp-json\/wp\/v2\/types\/post"}],"author":[{"embeddable":true,"href":"https:\/\/blogs.hoy.es\/moterosdehoy\/wp-json\/wp\/v2\/users\/49"}],"replies":[{"embeddable":true,"href":"https:\/\/blogs.hoy.es\/moterosdehoy\/wp-json\/wp\/v2\/comments?post=1024"}],"version-history":[{"count":0,"href":"https:\/\/blogs.hoy.es\/moterosdehoy\/wp-json\/wp\/v2\/posts\/1024\/revisions"}],"wp:attachment":[{"href":"https:\/\/blogs.hoy.es\/moterosdehoy\/wp-json\/wp\/v2\/media?parent=1024"}],"wp:term":[{"taxonomy":"category","embeddable":true,"href":"https:\/\/blogs.hoy.es\/moterosdehoy\/wp-json\/wp\/v2\/categories?post=1024"},{"taxonomy":"post_tag","embeddable":true,"href":"https:\/\/blogs.hoy.es\/moterosdehoy\/wp-json\/wp\/v2\/tags?post=1024"}],"curies":[{"name":"wp","href":"https:\/\/api.w.org\/{rel}","templated":true}]}}