{"id":1028,"date":"2014-03-29T09:49:19","date_gmt":"2014-03-29T09:49:19","guid":{"rendered":"http:\/\/blogs.hoy.es\/moterosdehoy\/?p=1028"},"modified":"2014-03-29T09:49:19","modified_gmt":"2014-03-29T09:49:19","slug":"ii-concentracion-motera-solidaria-en-almendralejo","status":"publish","type":"post","link":"https:\/\/blogs.hoy.es\/moterosdehoy\/2014\/03\/29\/ii-concentracion-motera-solidaria-en-almendralejo\/","title":{"rendered":"II Concentraci\u00f3n motera solidaria en Almendralejo"},"content":{"rendered":"<p style=\"text-align: justify;\">\u00a0 Comienza el buen tiempo y con \u00e9l como las setas aparecen concentraciones y quedadas moteras por todos los rincones. Este a\u00f1o parece que ser\u00e1 muy solidario, la mayor\u00eda de los eventos moteros en lo que va de a\u00f1o tienen un trasfondo de ayuda sea del modo que sea. Unos apoyando a grandes organizaciones, otros buscando problemas locales que puedan solucionar, el caso es ayudar eso est\u00e1 bien, pero a su vez los moteros se dividen para repartirse entre los eventos y las pe\u00f1as moteras que estaban acostumbradas a hacer caja con la presencia de muchos moteros, les toca el bolsillo y evidentemente no les gusta.<\/p>\n<p style=\"text-align: justify;\"><a href=\"\/moterosdehoy\/wp-content\/uploads\/sites\/45\/2014\/03\/Solidaria-en-Almendralejo.jpg\"><img loading=\"lazy\" class=\"alignleft size-medium wp-image-1029\" title=\"Solidaria en Almendralejo\" src=\"\/moterosdehoy\/wp-content\/uploads\/sites\/45\/2014\/03\/Solidaria-en-Almendralejo.jpg\" alt=\"\" width=\"212\" height=\"300\" srcset=\"https:\/\/static-blogs.hoy.es\/wp-content\/uploads\/sites\/45\/2014\/03\/Solidaria-en-Almendralejo.jpg 370w, https:\/\/static-blogs.hoy.es\/wp-content\/uploads\/sites\/45\/2014\/03\/Solidaria-en-Almendralejo-213x300.jpg 213w\" sizes=\"(max-width: 212px) 100vw, 212px\" \/><\/a>\u00a0 Aqu\u00ed os dejo una concentraci\u00f3n motera solidaria para apoyo a <a title=\"Cruz Roja\" href=\"http:\/\/www.cruzroja.es\/portada\/\" rel=\"external nofollow\">Cruz Roja<\/a>, lo organizan en <a title=\"Almendralejo en wikipedia\" href=\"http:\/\/es.wikipedia.org\/wiki\/Almendralejo\" target=\"_blank\" rel=\"external nofollow\">Almendralejo<\/a> con una inscripci\u00f3n de 6\u20ac, de los que la mitad ir\u00e1 para Cruz Roja y la otra mitad para consumiciones de los inscritos.<\/p>\n<p style=\"text-align: justify;\">\u00a0 Seg\u00fan el cartel del evento el punto de encuentro ser\u00e1 a las <strong>10:00h el d\u00eda 6 de abril<\/strong> 2014, <strong>en Almendralejo.<\/strong><\/p>\n<p style=\"text-align: justify;\"><strong><\/strong>&#8211; A las 11:15h se iniciar\u00e1 una ruta bar\u00edtima por la sede de la pe\u00f1a motera Los Cast\u00faos y por Vinater\u00eda Alegr\u00eda.<\/p>\n<p style=\"text-align: justify;\">&#8211; A las 13:30h actuaci\u00f3n del M. C. Racing Villafranca.<\/p>\n<p style=\"text-align: justify;\">&#8211; A las 14:30h comida.<\/p>\n<p style=\"text-align: justify;\">\u00a0 Durante el d\u00eda habr\u00e1 actuaci\u00f3n de DJ Porro, y sorpresas y regalos para los inscritos.<\/p>\n<p style=\"text-align: justify;\">\u00a0 Es de suponer que ese d\u00eda habr\u00e1 carteles indicando la localizaci\u00f3n del evento, para los que puedan acudir sepan donde inscribirse.<\/p>\n<p style=\"text-align: justify;\">\u00a0 <strong><a title=\"Enlace al facebook de Moteros de Hoy\" href=\"https:\/\/www.facebook.com\/moteroshoy?ref=hl\" rel=\"external nofollow\">Saludos y r\u00e1fagas<\/a><\/strong>.<\/p>\n<!-- AddThis Advanced Settings generic via filter on the_content --><!-- AddThis Share Buttons generic via filter on the_content -->","protected":false},"excerpt":{"rendered":"<p>\u00a0 Comienza el buen tiempo y con \u00e9l como las setas aparecen concentraciones y quedadas moteras por todos los rincones. Este a\u00f1o parece que ser\u00e1 muy solidario, la mayor\u00eda de los eventos moteros en lo que va de a\u00f1o tienen un trasfondo de ayuda sea del modo que sea. Unos apoyando a grandes organizaciones, otros [&hellip;]<!-- AddThis Advanced Settings generic via filter on get_the_excerpt --><!-- AddThis Share Buttons generic via filter on get_the_excerpt --><\/p>\n","protected":false},"author":49,"featured_media":0,"comment_status":"open","ping_status":"closed","sticky":false,"template":"","format":"standard","meta":[],"categories":[13],"tags":[318,480,622,624,639],"_links":{"self":[{"href":"https:\/\/blogs.hoy.es\/moterosdehoy\/wp-json\/wp\/v2\/posts\/1028"}],"collection":[{"href":"https:\/\/blogs.hoy.es\/moterosdehoy\/wp-json\/wp\/v2\/posts"}],"about":[{"href":"https:\/\/blogs.hoy.es\/moterosdehoy\/wp-json\/wp\/v2\/types\/post"}],"author":[{"embeddable":true,"href":"https:\/\/blogs.hoy.es\/moterosdehoy\/wp-json\/wp\/v2\/users\/49"}],"replies":[{"embeddable":true,"href":"https:\/\/blogs.hoy.es\/moterosdehoy\/wp-json\/wp\/v2\/comments?post=1028"}],"version-history":[{"count":0,"href":"https:\/\/blogs.hoy.es\/moterosdehoy\/wp-json\/wp\/v2\/posts\/1028\/revisions"}],"wp:attachment":[{"href":"https:\/\/blogs.hoy.es\/moterosdehoy\/wp-json\/wp\/v2\/media?parent=1028"}],"wp:term":[{"taxonomy":"category","embeddable":true,"href":"https:\/\/blogs.hoy.es\/moterosdehoy\/wp-json\/wp\/v2\/categories?post=1028"},{"taxonomy":"post_tag","embeddable":true,"href":"https:\/\/blogs.hoy.es\/moterosdehoy\/wp-json\/wp\/v2\/tags?post=1028"}],"curies":[{"name":"wp","href":"https:\/\/api.w.org\/{rel}","templated":true}]}}