{"id":1045,"date":"2014-04-12T18:38:31","date_gmt":"2014-04-12T18:38:31","guid":{"rendered":"http:\/\/blogs.hoy.es\/moterosdehoy\/?p=1045"},"modified":"2014-04-12T18:38:31","modified_gmt":"2014-04-12T18:38:31","slug":"transcurso-del-hermanamiento-motero","status":"publish","type":"post","link":"https:\/\/blogs.hoy.es\/moterosdehoy\/2014\/04\/12\/transcurso-del-hermanamiento-motero\/","title":{"rendered":"Transcurso del Hermanamiento Motero"},"content":{"rendered":"<p style=\"text-align: justify;\">\u00a0 Como todo en la vida, llega y pasa. El <a title=\"Hermanamiento Motero\" href=\"https:\/\/blogs.hoy.es\/moterosdehoy\/2014\/03\/24\/hermanamiento-motero-hispano-luso-en-badajoz\/\" target=\"_blank\">Primer Hermanamiento Motero Solidario Hispano-Luso<\/a> tuvo lugar hoy d\u00eda 12 de abril 2014 y fue un \u00e9xito.<\/p>\n<div id=\"attachment_1046\" style=\"width: 310px\" class=\"wp-caption alignleft\"><a href=\"\/moterosdehoy\/wp-content\/uploads\/sites\/45\/2014\/04\/image-21.jpeg\"><img aria-describedby=\"caption-attachment-1046\" loading=\"lazy\" class=\"size-medium wp-image-1046\" title=\"image (21)\" src=\"\/moterosdehoy\/wp-content\/uploads\/sites\/45\/2014\/04\/image-21.jpg\" alt=\"\" width=\"300\" height=\"225\" \/><\/a><p id=\"caption-attachment-1046\" class=\"wp-caption-text\">El evento en Elvas (Portugal)<\/p><\/div>\n<p style=\"text-align: justify;\">\u00a0 Lleg\u00f3 el d\u00eda y a las nueve \u00a0de la ma\u00f1ana all\u00ed estaban esperando que fuera llegando el personal, algunos ya estaban desde la noche anterior y hab\u00edan hecho noche en Badajoz, otros se ir\u00edan incorporando a lo largo de la ma\u00f1ana. Sobre las diez se inici\u00f3 la ruta a Elvas, escoltados por la Polic\u00eda Local, a quien hay que agradecer su colaboraci\u00f3n para que no hubieran problemas.<\/p>\n<p style=\"text-align: justify;\">\u00a0 Una vez en Elvas, nos estaban esperando tanto un grupo de moteros portugueses, como la Polic\u00eda portuguesa, quien nos escolt\u00f3 para llevarnos hasta la plaza de la localidad, donde se acerc\u00f3 mucha gente para ver a las motos y los moteros.<\/p>\n<p style=\"text-align: justify;\">\u00a0 Al salir hacia Badajoz, se realiz\u00f3 una ruta por Puente Ayuda y Olivenza, para llegar al B\u00e1 de Fran en Badajoz, donde nuevamente hubo algo de tiempo para poder entablar amistad con los hermanos portugueses. <!--more-->De all\u00ed se subi\u00f3 a las puertas del Fuerte de San Cristobal, donde se realiz\u00f3 una fotograf\u00eda de grupo y continuar hasta la calle Porvenir de Badajoz, donde se aloja el Bar organizador y la Parroquia de San Roque, donde se realiz\u00f3 la entrega de alimentos recolectados y el P\u00e1rroco bendijo los cascos de los moteros tras otorgar un minuto de silencio por los motoristas que no ruedan con nosotros.<\/p>\n<div id=\"attachment_1047\" style=\"width: 310px\" class=\"wp-caption alignright\"><a href=\"\/moterosdehoy\/wp-content\/uploads\/sites\/45\/2014\/04\/image-35.jpeg\"><img aria-describedby=\"caption-attachment-1047\" loading=\"lazy\" class=\"size-medium wp-image-1047\" title=\"image (35)\" src=\"\/moterosdehoy\/wp-content\/uploads\/sites\/45\/2014\/04\/image-35.jpg\" alt=\"\" width=\"300\" height=\"225\" \/><\/a><p id=\"caption-attachment-1047\" class=\"wp-caption-text\">Las motos en C\/ El Porvenir (Badajoz)<\/p><\/div>\n<p style=\"text-align: justify;\">\u00a0 Durante el evento se reunieron muchos moteros, en la salida de Elvas que pudo ser su momento de mayor auge, se contabilizaron <strong>m\u00e1s de trescientas motocicletas<\/strong>. Lo que implica que arrastr\u00f3 m\u00e1s de quinientas personas, que independientemente del car\u00e1cter solidario, tuvieron que repostar sus motos, desayunar, beber y comer, lo que genera muchos beneficiarios indirectos. Sin olvidar que tanto a la salida de Badajoz, como a la entrada en Elvas y luego al regreso, era todo un espect\u00e1culo para viandantes y curiosos, que dio tema para la tertulia y de seguro que m\u00e1s de uno buscar\u00e1 ma\u00f1ana la prensa para enterarse de que hab\u00eda pasado.<\/p>\n<p style=\"text-align: justify;\">\u00a0 Hay que decir que no hubo ning\u00fan problema, todo transcurri\u00f3 como se hab\u00eda pensado, un gran d\u00eda de uni\u00f3n entre los diversos clubs moteros que pudieran aparecer, apareciendo clubs de diversos puntos de la provincia de Badajoz, C\u00e1ceres, Sevilla y Madrid, sin olvidar que por parte de nuestros vecinos los ten\u00edamos desde lugares cercanos como Elvas o Campo Mayor, o por nombrar otros lugares m\u00e1s lejanos Portalegre e incluso Lisboa.<\/p>\n<p style=\"text-align: justify;\">\u00a0 Aprovecho en nombre del colectivo motero espa\u00f1ol para dar las gracias a nuestros hermanos portugueses, por acompa\u00f1arnos y hacer del evento un gran d\u00eda.<\/p>\n<p style=\"text-align: justify;\">\u00a0 Si quieres ver <strong><a title=\"Fotos del evento\" href=\"http:\/\/www.moterosdehoy.es\/2014\/04\/24\/fotos-del-hermanamiento-motero-hispano-luso\/\" rel=\"external nofollow\">fotos clic aqu\u00ed<\/a><\/strong> y para leer la noticia que se public\u00f3 en el <strong><a title=\"Enlace a la noticia\" href=\"http:\/\/www.hoy.es\/v\/20140413\/badajoz\/unos-motoristas-participan-primer-20140413.html\" rel=\"external nofollow\">Diario HOY clic aqu\u00ed<\/a>.<\/strong><\/p>\n<p style=\"text-align: justify;\">\u00a0 \u00a0<a title=\"Enlace al facebook de Moteros de Hoy\" href=\"https:\/\/www.facebook.com\/moteroshoy?ref=hl\" rel=\"external nofollow\">Saludos y r\u00e1fagas<\/a>.<\/p>\n<!-- AddThis Advanced Settings generic via filter on the_content --><!-- AddThis Share Buttons generic via filter on the_content -->","protected":false},"excerpt":{"rendered":"<p>\u00a0 Como todo en la vida, llega y pasa. El Primer Hermanamiento Motero Solidario Hispano-Luso tuvo lugar hoy d\u00eda 12 de abril 2014 y fue un \u00e9xito. \u00a0 Lleg\u00f3 el d\u00eda y a las nueve \u00a0de la ma\u00f1ana all\u00ed estaban esperando que fuera llegando el personal, algunos ya estaban desde la noche anterior y hab\u00edan [&hellip;]<!-- AddThis Advanced Settings generic via filter on get_the_excerpt --><!-- AddThis Share Buttons generic via filter on get_the_excerpt --><\/p>\n","protected":false},"author":49,"featured_media":0,"comment_status":"open","ping_status":"closed","sticky":false,"template":"","format":"standard","meta":[],"categories":[13],"tags":[86,99,622,628,639,799],"_links":{"self":[{"href":"https:\/\/blogs.hoy.es\/moterosdehoy\/wp-json\/wp\/v2\/posts\/1045"}],"collection":[{"href":"https:\/\/blogs.hoy.es\/moterosdehoy\/wp-json\/wp\/v2\/posts"}],"about":[{"href":"https:\/\/blogs.hoy.es\/moterosdehoy\/wp-json\/wp\/v2\/types\/post"}],"author":[{"embeddable":true,"href":"https:\/\/blogs.hoy.es\/moterosdehoy\/wp-json\/wp\/v2\/users\/49"}],"replies":[{"embeddable":true,"href":"https:\/\/blogs.hoy.es\/moterosdehoy\/wp-json\/wp\/v2\/comments?post=1045"}],"version-history":[{"count":0,"href":"https:\/\/blogs.hoy.es\/moterosdehoy\/wp-json\/wp\/v2\/posts\/1045\/revisions"}],"wp:attachment":[{"href":"https:\/\/blogs.hoy.es\/moterosdehoy\/wp-json\/wp\/v2\/media?parent=1045"}],"wp:term":[{"taxonomy":"category","embeddable":true,"href":"https:\/\/blogs.hoy.es\/moterosdehoy\/wp-json\/wp\/v2\/categories?post=1045"},{"taxonomy":"post_tag","embeddable":true,"href":"https:\/\/blogs.hoy.es\/moterosdehoy\/wp-json\/wp\/v2\/tags?post=1045"}],"curies":[{"name":"wp","href":"https:\/\/api.w.org\/{rel}","templated":true}]}}