{"id":1049,"date":"2014-04-16T21:41:41","date_gmt":"2014-04-16T21:41:41","guid":{"rendered":"http:\/\/blogs.hoy.es\/moterosdehoy\/?p=1049"},"modified":"2014-04-16T21:41:41","modified_gmt":"2014-04-16T21:41:41","slug":"puntapunta","status":"publish","type":"post","link":"https:\/\/blogs.hoy.es\/moterosdehoy\/2014\/04\/16\/puntapunta\/","title":{"rendered":"PuntApunta"},"content":{"rendered":"<p style=\"text-align: justify;\">\u00a0 Aqu\u00ed os traigo una propuesta de <a title=\"BMW Motorrad\" href=\"http:\/\/www.bmw-motorrad.es\/es\/es\/index.html\" rel=\"external nofollow\">BMW Motorrad<\/a> en la que quieren realizar un homenaje a los viajeros que hemos cruzado iberia. Digo hemos, puesto que he cruzado la pen\u00ednsula ib\u00e9rica en varias ocasiones.<\/p>\n<p style=\"text-align: justify;\"><a href=\"\/moterosdehoy\/wp-content\/uploads\/sites\/45\/2014\/04\/PuntAPunta.jpg\"><img loading=\"lazy\" class=\"alignleft size-medium wp-image-1050\" title=\"PuntAPunta\" src=\"\/moterosdehoy\/wp-content\/uploads\/sites\/45\/2014\/04\/PuntAPunta.jpg\" alt=\"\" width=\"226\" height=\"300\" srcset=\"https:\/\/static-blogs.hoy.es\/wp-content\/uploads\/sites\/45\/2014\/04\/PuntAPunta.jpg 243w, https:\/\/static-blogs.hoy.es\/wp-content\/uploads\/sites\/45\/2014\/04\/PuntAPunta-226x300.jpg 226w\" sizes=\"(max-width: 226px) 100vw, 226px\" \/><\/a>\u00a0 La idea es atravesar la pen\u00ednsula ib\u00e9rica en paralelo al ecuador de este a oeste, uniendo <a title=\"Alicante en Wikipedia\" href=\"http:\/\/es.wikipedia.org\/wiki\/Alicante\" rel=\"external nofollow\">Alicante<\/a> (<a title=\"Espa\u00f1a en Wikipedia\" href=\"http:\/\/es.wikipedia.org\/wiki\/Espa%C3%B1a\" rel=\"external nofollow\">Espa\u00f1a<\/a>) sede central de <a title=\"Touratech Espa\u00f1a\" href=\"http:\/\/shop.xn--touratech-espaa-crb.com\/\" rel=\"external nofollow\">Touratech Espa\u00f1a<\/a>, con <a title=\"Estoril en Wikipedia\" href=\"http:\/\/es.wikipedia.org\/wiki\/Estoril\" rel=\"external nofollow\">Estoril<\/a> (<a title=\"Portugal en Wikipedia\" href=\"http:\/\/es.wikipedia.org\/wiki\/Portugal\" rel=\"external nofollow\">Portugal<\/a>). Conduciendo por carreteras de segundo orden, enlaz\u00e1ndolas con salidas a pistas no asfaltadas en un recorrido guiado por un libro de ruta o Roadbook.<\/p>\n<p style=\"text-align: justify;\">\u00a0 Tendr\u00e1 lugar <strong>entre los d\u00edas 15 y 18 de mayo 2014<\/strong>, bajo un precio de inscripci\u00f3n de <strong>150\u20ac<\/strong> para conductor y <strong>20\u20ac<\/strong> el acompa\u00f1ante.<\/p>\n<p style=\"text-align: justify;\">\u00a0 Hay que tener en cuenta que si te inscribes como conductor, tienes que llevar tu motocicleta y en ese precio va incluida la comida del domingo en Estoril, adem\u00e1s de acreditaciones y acceso a descuentos en donde te vayan indicando para parar a descansar. Todo lo dem\u00e1s incluida la gasolina ir\u00e1 por tu cuenta.<\/p>\n<p style=\"text-align: justify;\">\u00a0 La \u00fanica limitaci\u00f3n que ponen a las motocicletas es que sea de un m\u00ednimo de 300cc, no necesitando ser una BMW, pero particularmente te recomiendo que si accedes a la ruta la realices con una motocicleta de tipo trail, pues pasar\u00e1s por pistas que con una tipo deportiva, naked o tour, lo puedes pasar mal. Te dejo un <a title=\"Enlace a los requisitos legales\" href=\"http:\/\/www.bmw-puntapunta.com\/legal\/\" target=\"_blank\" rel=\"external nofollow\">enlace a los requisitos<\/a>.<\/p>\n<p style=\"text-align: justify;\">\u00a0 Tambi\u00e9n te dejo un <a title=\"Ficha de inscripci\u00f3n\" href=\"http:\/\/www.bmwriders.es\/punta_inscripcion.html\" rel=\"external nofollow\">enlace a la ficha de inscripci\u00f3n<\/a> por si te interesa, all\u00ed podr\u00e1s ver m\u00e1s informaci\u00f3n.<\/p>\n<p style=\"text-align: justify;\"><strong>\u00a0 <a title=\"Enlace al facebook de Moteros de Hoy\" href=\"https:\/\/www.facebook.com\/moteroshoy?ref=hl\" target=\"_blank\" rel=\"external nofollow\">Saludos y r\u00e1fagas<\/a>.<\/strong><\/p>\n<!-- AddThis Advanced Settings generic via filter on the_content --><!-- AddThis Share Buttons generic via filter on the_content -->","protected":false},"excerpt":{"rendered":"<p>\u00a0 Aqu\u00ed os traigo una propuesta de BMW Motorrad en la que quieren realizar un homenaje a los viajeros que hemos cruzado iberia. Digo hemos, puesto que he cruzado la pen\u00ednsula ib\u00e9rica en varias ocasiones. \u00a0 La idea es atravesar la pen\u00ednsula ib\u00e9rica en paralelo al ecuador de este a oeste, uniendo Alicante (Espa\u00f1a) sede [&hellip;]<!-- AddThis Advanced Settings generic via filter on get_the_excerpt --><!-- AddThis Share Buttons generic via filter on get_the_excerpt --><\/p>\n","protected":false},"author":49,"featured_media":0,"comment_status":"open","ping_status":"closed","sticky":false,"template":"","format":"standard","meta":[],"categories":[13],"tags":[113,622,639,809,810],"_links":{"self":[{"href":"https:\/\/blogs.hoy.es\/moterosdehoy\/wp-json\/wp\/v2\/posts\/1049"}],"collection":[{"href":"https:\/\/blogs.hoy.es\/moterosdehoy\/wp-json\/wp\/v2\/posts"}],"about":[{"href":"https:\/\/blogs.hoy.es\/moterosdehoy\/wp-json\/wp\/v2\/types\/post"}],"author":[{"embeddable":true,"href":"https:\/\/blogs.hoy.es\/moterosdehoy\/wp-json\/wp\/v2\/users\/49"}],"replies":[{"embeddable":true,"href":"https:\/\/blogs.hoy.es\/moterosdehoy\/wp-json\/wp\/v2\/comments?post=1049"}],"version-history":[{"count":0,"href":"https:\/\/blogs.hoy.es\/moterosdehoy\/wp-json\/wp\/v2\/posts\/1049\/revisions"}],"wp:attachment":[{"href":"https:\/\/blogs.hoy.es\/moterosdehoy\/wp-json\/wp\/v2\/media?parent=1049"}],"wp:term":[{"taxonomy":"category","embeddable":true,"href":"https:\/\/blogs.hoy.es\/moterosdehoy\/wp-json\/wp\/v2\/categories?post=1049"},{"taxonomy":"post_tag","embeddable":true,"href":"https:\/\/blogs.hoy.es\/moterosdehoy\/wp-json\/wp\/v2\/tags?post=1049"}],"curies":[{"name":"wp","href":"https:\/\/api.w.org\/{rel}","templated":true}]}}