{"id":105,"date":"2012-06-13T21:04:17","date_gmt":"2012-06-13T21:04:17","guid":{"rendered":"http:\/\/blogs.hoy.es\/moterosdehoy\/?p=105"},"modified":"2012-06-13T21:04:17","modified_gmt":"2012-06-13T21:04:17","slug":"alvarado","status":"publish","type":"post","link":"https:\/\/blogs.hoy.es\/moterosdehoy\/2012\/06\/13\/alvarado\/","title":{"rendered":"III Convivencia motera en Alvarado (Badajoz)"},"content":{"rendered":"<p style=\"text-align: justify;\">El pr\u00f3ximo<strong> 17 de junio de 2012<\/strong> se realizar\u00e1 en la localidad de<strong> Alvarado\u00a0<a href=\"\/moterosdehoy\/wp-content\/uploads\/sites\/45\/2012\/06\/III-Convivencia-Motera-en-Alvarado1.jpg\"><img loading=\"lazy\" class=\"alignright size-medium wp-image-107\" title=\"III Convivencia Motera en Alvarado\" src=\"\/moterosdehoy\/wp-content\/uploads\/sites\/45\/2012\/06\/III-Convivencia-Motera-en-Alvarado1.jpg\" alt=\"\" width=\"225\" height=\"300\" srcset=\"https:\/\/static-blogs.hoy.es\/wp-content\/uploads\/sites\/45\/2012\/06\/III-Convivencia-Motera-en-Alvarado1.jpg 492w, https:\/\/static-blogs.hoy.es\/wp-content\/uploads\/sites\/45\/2012\/06\/III-Convivencia-Motera-en-Alvarado1-225x300.jpg 225w\" sizes=\"(max-width: 225px) 100vw, 225px\" \/><\/a><\/strong><\/p>\n<p style=\"text-align: justify;\"><strong><\/strong><strong>(Badajoz)\u00a0<\/strong>la 3\u00aa convivencia motera.<\/p>\n<div>\n<p style=\"text-align: justify;\">Comenzar\u00e1 en el <strong>Mes\u00f3n &#8220;El Sitio&#8221;<\/strong> de la localidad de Alvarado, donde se reunir\u00e1 el\u00a0personal<strong> entre las 09:00h y 11:00h<\/strong>, para iniciar una <strong>ruta<\/strong> <strong>sobre las 11:00h<\/strong> hacia La Albuera, y continuar\u00e1 por Badajoz, Villafranco, parada en Balboa (donde habr\u00e1 un refrigerio con aperitivo), Talavera la Real y vuelta a Alvarado, donde se prev\u00e9 regresar <strong>sobre las 13:30h<\/strong> para realizar la <strong>comida en Bar &#8220;El Guille&#8221;<\/strong><\/p>\n<p style=\"text-align: justify;\">Ya sab\u00e9is para los que est\u00e9is aburridos el domingo y a\u00fan no teng\u00e1is planes aqu\u00ed ten\u00e9is un paseo por varias localidades que te har\u00e1 disfrutar del d\u00eda.<\/p>\n<p style=\"text-align: justify;\"><strong>\u00a0 \u00a0Saludos y r\u00e1fagas.<\/strong><\/p>\n<p>&nbsp;<\/p>\n<p>&nbsp;<\/p>\n<\/div>\n<!-- AddThis Advanced Settings generic via filter on the_content --><!-- AddThis Share Buttons generic via filter on the_content -->","protected":false},"excerpt":{"rendered":"<p>El pr\u00f3ximo 17 de junio de 2012 se realizar\u00e1 en la localidad de Alvarado\u00a0 (Badajoz)\u00a0la 3\u00aa convivencia motera. Comenzar\u00e1 en el Mes\u00f3n &#8220;El Sitio&#8221; de la localidad de Alvarado, donde se reunir\u00e1 el\u00a0personal entre las 09:00h y 11:00h, para iniciar una ruta sobre las 11:00h hacia La Albuera, y continuar\u00e1 por Badajoz, Villafranco, parada en [&hellip;]<!-- AddThis Advanced Settings generic via filter on get_the_excerpt --><!-- AddThis Share Buttons generic via filter on get_the_excerpt --><\/p>\n","protected":false},"author":49,"featured_media":0,"comment_status":"open","ping_status":"closed","sticky":false,"template":"","format":"standard","meta":[],"categories":[13],"tags":[55,258,271,622,639],"_links":{"self":[{"href":"https:\/\/blogs.hoy.es\/moterosdehoy\/wp-json\/wp\/v2\/posts\/105"}],"collection":[{"href":"https:\/\/blogs.hoy.es\/moterosdehoy\/wp-json\/wp\/v2\/posts"}],"about":[{"href":"https:\/\/blogs.hoy.es\/moterosdehoy\/wp-json\/wp\/v2\/types\/post"}],"author":[{"embeddable":true,"href":"https:\/\/blogs.hoy.es\/moterosdehoy\/wp-json\/wp\/v2\/users\/49"}],"replies":[{"embeddable":true,"href":"https:\/\/blogs.hoy.es\/moterosdehoy\/wp-json\/wp\/v2\/comments?post=105"}],"version-history":[{"count":0,"href":"https:\/\/blogs.hoy.es\/moterosdehoy\/wp-json\/wp\/v2\/posts\/105\/revisions"}],"wp:attachment":[{"href":"https:\/\/blogs.hoy.es\/moterosdehoy\/wp-json\/wp\/v2\/media?parent=105"}],"wp:term":[{"taxonomy":"category","embeddable":true,"href":"https:\/\/blogs.hoy.es\/moterosdehoy\/wp-json\/wp\/v2\/categories?post=105"},{"taxonomy":"post_tag","embeddable":true,"href":"https:\/\/blogs.hoy.es\/moterosdehoy\/wp-json\/wp\/v2\/tags?post=105"}],"curies":[{"name":"wp","href":"https:\/\/api.w.org\/{rel}","templated":true}]}}