{"id":1052,"date":"2014-04-21T16:11:28","date_gmt":"2014-04-21T16:11:28","guid":{"rendered":"http:\/\/blogs.hoy.es\/moterosdehoy\/?p=1052"},"modified":"2014-04-21T16:11:28","modified_gmt":"2014-04-21T16:11:28","slug":"expor-motors-show-portalegre-14","status":"publish","type":"post","link":"https:\/\/blogs.hoy.es\/moterosdehoy\/2014\/04\/21\/expor-motors-show-portalegre-14\/","title":{"rendered":"EXPOR Motors Show &#8211; Portalegre 14"},"content":{"rendered":"<p style=\"text-align: justify;\">\u00a0 A pesar de pasar por unos d\u00edas algo lluviosos y en los que ha ca\u00eddo la temperatura, ya mismo volvemos a disfrutar del buen tiempo, por supuesto con ello se ver\u00e1n m\u00e1s motos por todas partes, eso incluye a nuestra vecina Portugal.<\/p>\n<div id=\"attachment_1053\" style=\"width: 221px\" class=\"wp-caption alignleft\"><a href=\"\/moterosdehoy\/wp-content\/uploads\/sites\/45\/2014\/04\/Expormotor-Show.jpg\"><img aria-describedby=\"caption-attachment-1053\" loading=\"lazy\" class=\"size-medium wp-image-1053\" title=\"Expormotor Show\" src=\"\/moterosdehoy\/wp-content\/uploads\/sites\/45\/2014\/04\/Expormotor-Show.jpg\" alt=\"\" width=\"211\" height=\"300\" srcset=\"https:\/\/static-blogs.hoy.es\/wp-content\/uploads\/sites\/45\/2014\/04\/Expormotor-Show.jpg 676w, https:\/\/static-blogs.hoy.es\/wp-content\/uploads\/sites\/45\/2014\/04\/Expormotor-Show-211x300.jpg 211w\" sizes=\"(max-width: 211px) 100vw, 211px\" \/><\/a><p id=\"caption-attachment-1053\" class=\"wp-caption-text\">Expor Motor Show Portalegre 14<\/p><\/div>\n<p style=\"text-align: justify;\">\u00a0 El grupo motero GM Novo Milenio, de <a title=\"Portalegre en Wikipedia\" href=\"http:\/\/es.wikipedia.org\/wiki\/Portalegre_(Portugal)\" rel=\"external nofollow\">Portalegre<\/a> (Portugal), nos tiene preparado para mayo un fin de semana del motor. En concreto ser\u00e1 el fin de semana del <strong>17 y 18 de mayo<\/strong> 2014, teniendo lugar <strong>en el kart\u00f3dromo de Portalegre<\/strong>, lugar donde tienen ubicada su sede.<\/p>\n<p style=\"text-align: justify;\">\u00a0 Tener en cuenta si descarg\u00e1is el cartel del evento que va con los horarios portugueses, por lo que para nosotros es una hora m\u00e1s. Os hablo del programa pero con nuestros horarios:<\/p>\n<p style=\"text-align: justify;\"><span style=\"text-decoration: underline;\"><strong>S\u00c1BADO 17<\/strong> de mayo:<\/span><\/p>\n<ul>\n<li>14:30h Apertura de la exposici\u00f3n, presidida por el Excmo Sr Presidente de la C\u00e1mara Municipal de Portalegre<\/li>\n<li>18:00h Show de Freestyle<\/li>\n<li>23:30h M\u00fasica por el grupo &#8220;Little Orange&#8221;<\/li>\n<li>01:00h Cierre de la exposici\u00f3n<\/li>\n<li>01:30h M\u00fasica por DJ SoulVibe<\/li>\n<\/ul>\n<p style=\"text-align: justify;\"><strong><span style=\"text-decoration: underline;\">DOMINGO 18<\/span><\/strong><span style=\"text-decoration: underline;\"> de mayo:<\/span><\/p>\n<ul>\n<li>11:00h Reapertura de la exposici\u00f3n\u00a0<!--more--><\/li>\n<li>12:00h Show motero de demostraci\u00f3n de pericia<\/li>\n<li>18:00h Actuaci\u00f3n del grupo &#8220;Rancho Folcl\u00f3rico da Boavista&#8221;<\/li>\n<li>20:00h Cierre de la exposici\u00f3n<\/li>\n<\/ul>\n<p style=\"text-align: justify;\">\u00a0 Durante toda la exposici\u00f3n habr\u00e1 animaciones para los ni\u00f1os.<\/p>\n<p style=\"text-align: justify;\">\u00a0 Como pod\u00e9is ver ser\u00e1 un fin de semana muy animado y lo tenemos bien cerca de Extremadura, concretamente desde Badajoz a 63km por Campo Maior, o 71km por Elvas. En el caso de C\u00e1ceres se encuentra a 129km por Alburquerque y 132km por Valencia de Alc\u00e1ntara. Y para mostrar un punto m\u00e1s c\u00e9ntrico a 131km desde M\u00e9rida, pasando por Badajoz.<\/p>\n<p style=\"text-align: justify;\">\u00a0 <strong><a title=\"Enlace al facebook de Moteros de Hoy\" href=\"https:\/\/www.facebook.com\/moteroshoy?ref=hl\" target=\"_blank\" rel=\"external nofollow\">Saludos y r\u00e1fagas<\/a><\/strong>.<\/p>\n<!-- AddThis Advanced Settings generic via filter on the_content --><!-- AddThis Share Buttons generic via filter on the_content -->","protected":false},"excerpt":{"rendered":"<p>\u00a0 A pesar de pasar por unos d\u00edas algo lluviosos y en los que ha ca\u00eddo la temperatura, ya mismo volvemos a disfrutar del buen tiempo, por supuesto con ello se ver\u00e1n m\u00e1s motos por todas partes, eso incluye a nuestra vecina Portugal. \u00a0 El grupo motero GM Novo Milenio, de Portalegre (Portugal), nos tiene [&hellip;]<!-- AddThis Advanced Settings generic via filter on get_the_excerpt --><!-- AddThis Share Buttons generic via filter on get_the_excerpt --><\/p>\n","protected":false},"author":49,"featured_media":0,"comment_status":"open","ping_status":"closed","sticky":false,"template":"","format":"standard","meta":[],"categories":[13],"tags":[378,429,622,639,792],"_links":{"self":[{"href":"https:\/\/blogs.hoy.es\/moterosdehoy\/wp-json\/wp\/v2\/posts\/1052"}],"collection":[{"href":"https:\/\/blogs.hoy.es\/moterosdehoy\/wp-json\/wp\/v2\/posts"}],"about":[{"href":"https:\/\/blogs.hoy.es\/moterosdehoy\/wp-json\/wp\/v2\/types\/post"}],"author":[{"embeddable":true,"href":"https:\/\/blogs.hoy.es\/moterosdehoy\/wp-json\/wp\/v2\/users\/49"}],"replies":[{"embeddable":true,"href":"https:\/\/blogs.hoy.es\/moterosdehoy\/wp-json\/wp\/v2\/comments?post=1052"}],"version-history":[{"count":0,"href":"https:\/\/blogs.hoy.es\/moterosdehoy\/wp-json\/wp\/v2\/posts\/1052\/revisions"}],"wp:attachment":[{"href":"https:\/\/blogs.hoy.es\/moterosdehoy\/wp-json\/wp\/v2\/media?parent=1052"}],"wp:term":[{"taxonomy":"category","embeddable":true,"href":"https:\/\/blogs.hoy.es\/moterosdehoy\/wp-json\/wp\/v2\/categories?post=1052"},{"taxonomy":"post_tag","embeddable":true,"href":"https:\/\/blogs.hoy.es\/moterosdehoy\/wp-json\/wp\/v2\/tags?post=1052"}],"curies":[{"name":"wp","href":"https:\/\/api.w.org\/{rel}","templated":true}]}}