{"id":1060,"date":"2014-04-23T05:39:24","date_gmt":"2014-04-23T05:39:24","guid":{"rendered":"http:\/\/blogs.hoy.es\/moterosdehoy\/?p=1060"},"modified":"2014-04-23T05:39:24","modified_gmt":"2014-04-23T05:39:24","slug":"alternador-quemado-en-kawasaki-vulcan-900","status":"publish","type":"post","link":"https:\/\/blogs.hoy.es\/moterosdehoy\/2014\/04\/23\/alternador-quemado-en-kawasaki-vulcan-900\/","title":{"rendered":"Alternador quemado en Kawasaki Vulcan 900"},"content":{"rendered":"<p>En ocasiones anteriores he hablado de <a title=\"Motos con fallos\" href=\"https:\/\/blogs.hoy.es\/moterosdehoy\/2013\/09\/24\/motos-nuevas-con-fallos\/\" target=\"_blank\">marcas que llaman a los propietarios<\/a> de motocicletas en los que han encontrado alguna anomal\u00eda, pues hoy traigo el caso contrario.<\/p>\n<p><a href=\"\/moterosdehoy\/wp-content\/uploads\/sites\/45\/2014\/04\/Motos-con-fallos.jpg\"><img loading=\"lazy\" class=\"alignleft size-medium wp-image-1061\" title=\"Motos con fallos\" src=\"\/moterosdehoy\/wp-content\/uploads\/sites\/45\/2014\/04\/Motos-con-fallos.jpg\" alt=\"\" width=\"300\" height=\"212\" srcset=\"https:\/\/static-blogs.hoy.es\/wp-content\/uploads\/sites\/45\/2014\/04\/Motos-con-fallos.jpg 646w, https:\/\/static-blogs.hoy.es\/wp-content\/uploads\/sites\/45\/2014\/04\/Motos-con-fallos-300x212.jpg 300w\" sizes=\"(max-width: 300px) 100vw, 300px\" \/><\/a>\u00a0 La conocida marca de motocicletas <a title=\"Kawasaki\" href=\"http:\/\/www.kawasaki.es\/es\/products\" rel=\"external nofollow\">Kawasaki<\/a>, no se hace responsable de una aver\u00eda generalizada en sus modelos <a title=\"Im\u00e1genes de la Kawasaki Vulcan 900\" href=\"https:\/\/www.google.es\/search?q=Vulcan+900&#038;es_sm=93&#038;tbm=isch&#038;tbo=u&#038;source=univ&#038;sa=X&#038;ei=lEpXU_LLMIXqswbCu4DYAg&#038;ved=0CC8QsAQ&#038;biw=1280&#038;bih=699\" rel=\"external nofollow\">Vulcan 900<\/a>. Cuando aparecieron las primeras aver\u00edas y reclamaciones se hizo cargo, a\u00fan habiendo finalizado la garant\u00eda de los veh\u00edculos, pues era obvio que hab\u00eda alg\u00fan problema. Una vez que iban pasando por la citada aver\u00eda todos los modelos, dej\u00f3 de hacerse cargo.\u00a0<!--more--><\/p>\n<p>Kawasaki dispone de un club de marca de la citada motocicleta el <a title=\"Vulcan Owners Club Spain\" href=\"http:\/\/www.vocs.org\/\" rel=\"external nofollow\">V.O.C.S.<\/a> el cual, le ha reclamado en diferentes ocasiones el hacerse cargo de la aver\u00eda, negando la marca que sea una aver\u00eda generalizada, a pesar de haber estado repar\u00e1ndola y cambiar el alternador en los modelos que salen nuevos a la venta.<\/p>\n<p>Los usuarios suelen detectar la aver\u00eda por escuchar un zumbido a modo de turbo cuando aceleran la motocicleta. Si es tu caso consulta con un profesional, en caso de continuar usando la motocicleta, a dem\u00e1s de dejarte tirado te puede estropear otros dispositivos del motor, pudiendo llegar la aver\u00eda a rondar los mil euros. Si lo coges a tiempo te puede llegar hasta unos setecientos euros, o si solamente cambias el bobinado en unos trescientos euros.<\/p>\n<p>La aver\u00eda se ha detectado en los citados veh\u00edculos entre los 40.000 y 60,000 km. Por lo que si quieres una Vulcan 900 con estos kil\u00f3metros, ten en cuenta si ya pas\u00f3 por la citada aver\u00eda.<\/p>\n<p>Como ves es una aver\u00eda muy grave y es lamentable que no se hagan cargo.<\/p>\n<p>Las Vulcan 900 es un modelo muy aceptado entre los motociclistas y encuentran en el mercado desde el a\u00f1o 2006, continuando a la venta, por ahora se han dado la citada aver\u00eda en los modelos desde su inicio de fabricaci\u00f3n hasta los construidos en 2012, aunque puede ser que no hayan llegado a los kil\u00f3metros necesarios para que salga la aver\u00eda.<\/p>\n<p>La agencia espa\u00f1ola de consumo tiene una p\u00e1gina en la que suelen anunciar productos en los que se ha observado una anomal\u00eda y que su marca realiza una llamada para pasar a revisi\u00f3n, <a title=\"Motos con fallos\" href=\"http:\/\/consumo-inc.gob.es\/\" rel=\"external nofollow\">te adjunto el enlace<\/a>.<\/p>\n<p><a title=\"Enlace al facebook de Moteros de Hoy\" href=\"https:\/\/www.facebook.com\/moteroshoy?ref=hl\" rel=\"external nofollow\">Saludos y r\u00e1fagas<\/a>.<\/p>\n<!-- AddThis Advanced Settings generic via filter on the_content --><!-- AddThis Share Buttons generic via filter on the_content -->","protected":false},"excerpt":{"rendered":"<p>En ocasiones anteriores he hablado de marcas que llaman a los propietarios de motocicletas en los que han encontrado alguna anomal\u00eda, pues hoy traigo el caso contrario. \u00a0 La conocida marca de motocicletas Kawasaki, no se hace responsable de una aver\u00eda generalizada en sus modelos Vulcan 900. Cuando aparecieron las primeras aver\u00edas y reclamaciones se [&hellip;]<!-- AddThis Advanced Settings generic via filter on get_the_excerpt --><!-- AddThis Share Buttons generic via filter on get_the_excerpt --><\/p>\n","protected":false},"author":49,"featured_media":0,"comment_status":"open","ping_status":"closed","sticky":false,"template":"","format":"standard","meta":[],"categories":[13],"tags":[54,539,622,629,639,641],"_links":{"self":[{"href":"https:\/\/blogs.hoy.es\/moterosdehoy\/wp-json\/wp\/v2\/posts\/1060"}],"collection":[{"href":"https:\/\/blogs.hoy.es\/moterosdehoy\/wp-json\/wp\/v2\/posts"}],"about":[{"href":"https:\/\/blogs.hoy.es\/moterosdehoy\/wp-json\/wp\/v2\/types\/post"}],"author":[{"embeddable":true,"href":"https:\/\/blogs.hoy.es\/moterosdehoy\/wp-json\/wp\/v2\/users\/49"}],"replies":[{"embeddable":true,"href":"https:\/\/blogs.hoy.es\/moterosdehoy\/wp-json\/wp\/v2\/comments?post=1060"}],"version-history":[{"count":0,"href":"https:\/\/blogs.hoy.es\/moterosdehoy\/wp-json\/wp\/v2\/posts\/1060\/revisions"}],"wp:attachment":[{"href":"https:\/\/blogs.hoy.es\/moterosdehoy\/wp-json\/wp\/v2\/media?parent=1060"}],"wp:term":[{"taxonomy":"category","embeddable":true,"href":"https:\/\/blogs.hoy.es\/moterosdehoy\/wp-json\/wp\/v2\/categories?post=1060"},{"taxonomy":"post_tag","embeddable":true,"href":"https:\/\/blogs.hoy.es\/moterosdehoy\/wp-json\/wp\/v2\/tags?post=1060"}],"curies":[{"name":"wp","href":"https:\/\/api.w.org\/{rel}","templated":true}]}}