{"id":1063,"date":"2014-04-27T22:14:28","date_gmt":"2014-04-27T22:14:28","guid":{"rendered":"http:\/\/blogs.hoy.es\/moterosdehoy\/?p=1063"},"modified":"2014-04-27T22:14:28","modified_gmt":"2014-04-27T22:14:28","slug":"iii-biker-party-buitres-leonaos","status":"publish","type":"post","link":"https:\/\/blogs.hoy.es\/moterosdehoy\/2014\/04\/27\/iii-biker-party-buitres-leonaos\/","title":{"rendered":"III Biker Party Buitres Leonaos"},"content":{"rendered":"<p style=\"text-align: justify;\">\u00a0 El s\u00e1bado d\u00eda 26 de abril tuvo lugar la tercera Biker Party del Club Motero <a title=\"Buitres Leonaos\" href=\"http:\/\/www.buitresleonaos.com\/\" rel=\"external nofollow\">Buitres Leonaos<\/a> de <a title=\"C\u00e1ceres en Wikipedia\" href=\"http:\/\/es.wikipedia.org\/wiki\/C%C3%A1ceres\" rel=\"external nofollow\">C\u00e1ceres<\/a>.<\/p>\n<div class=\"mceTemp\" style=\"text-align: justify;\">\n<dl id=\"attachment_1064\" class=\"wp-caption alignleft\" style=\"width: 155px;\">\n<dt class=\"wp-caption-dt\"><a href=\"\/moterosdehoy\/wp-content\/uploads\/sites\/45\/2014\/04\/Buitres-Leonaos.jpg\"><img loading=\"lazy\" class=\"size-full wp-image-1064\" title=\"Buitres Leonaos\" src=\"\/moterosdehoy\/wp-content\/uploads\/sites\/45\/2014\/04\/Buitres-Leonaos.jpg\" alt=\"\" width=\"145\" height=\"145\" \/><\/a><\/dt>\n<dd class=\"wp-caption-dd\">Buitres Leonaos<\/dd>\n<\/dl>\n<\/div>\n<p style=\"text-align: justify;\">\u00a0 A las 11:00h de la ma\u00f1ana ten\u00edan programada una ruta, la cual tuvo que esperar unos quince minutos en comenzar para esperar a los que llegamos desde Badajoz. Para los pacenses comenz\u00f3 el d\u00eda con algo de agua y luego niebla, pero mereci\u00f3 la pena llegar hasta C\u00e1ceres a disfrutar de un gran d\u00eda en compa\u00f1\u00eda de los hermanos moteros de muchas pe\u00f1as y motoclubs de diferentes puntos de la geograf\u00eda nacional, as\u00ed como moteros libres amigos de los Buitres, teniendo todos las suerte de que nos mejorara el tiempo una vez all\u00ed.<\/p>\n<p style=\"text-align: justify;\">\u00a0 Realizamos una ruta de unos noventa kil\u00f3metros hacia el sur de la provincia, en la que no falt\u00f3 una paradita t\u00e9cnica para repostar nuestros est\u00f3magos con una invitaci\u00f3n del Club anfitri\u00f3n.<\/p>\n<p style=\"text-align: justify;\">\u00a0 De regreso en el Nido del Buitre, sede de los Buitres Leonaos, hubo buena m\u00fasica, fiesta y adem\u00e1s la presencia de la corporaci\u00f3n municipal, demostrando que los moteros son un colectivo querido en la ciudad.<\/p>\n<p style=\"text-align: justify;\">\u00a0 Os dejo el <strong><a title=\"Enlace al v\u00eddeo del III Biker Party de los Buitres Leonaos\" href=\"http:\/\/youtu.be\/cPyERRGvKlk\" rel=\"external nofollow\">enlace a un v\u00eddeo del evento<\/a><\/strong>.<\/p>\n<p style=\"text-align: justify;\">\u00a0 <a title=\"Enlace al facebook de Moteros de Hoy\" href=\"https:\/\/www.facebook.com\/moteroshoy?ref=hl\" rel=\"external nofollow\">Saludos y r\u00e1fagas<\/a>.<\/p>\n<!-- AddThis Advanced Settings generic via filter on the_content --><!-- AddThis Share Buttons generic via filter on the_content -->","protected":false},"excerpt":{"rendered":"<p>\u00a0 El s\u00e1bado d\u00eda 26 de abril tuvo lugar la tercera Biker Party del Club Motero Buitres Leonaos de C\u00e1ceres. Buitres Leonaos \u00a0 A las 11:00h de la ma\u00f1ana ten\u00edan programada una ruta, la cual tuvo que esperar unos quince minutos en comenzar para esperar a los que llegamos desde Badajoz. Para los pacenses comenz\u00f3 [&hellip;]<!-- AddThis Advanced Settings generic via filter on get_the_excerpt --><!-- AddThis Share Buttons generic via filter on get_the_excerpt --><\/p>\n","protected":false},"author":49,"featured_media":0,"comment_status":"open","ping_status":"closed","sticky":false,"template":"","format":"standard","meta":[],"categories":[13],"tags":[499,622,624,629,639,641],"_links":{"self":[{"href":"https:\/\/blogs.hoy.es\/moterosdehoy\/wp-json\/wp\/v2\/posts\/1063"}],"collection":[{"href":"https:\/\/blogs.hoy.es\/moterosdehoy\/wp-json\/wp\/v2\/posts"}],"about":[{"href":"https:\/\/blogs.hoy.es\/moterosdehoy\/wp-json\/wp\/v2\/types\/post"}],"author":[{"embeddable":true,"href":"https:\/\/blogs.hoy.es\/moterosdehoy\/wp-json\/wp\/v2\/users\/49"}],"replies":[{"embeddable":true,"href":"https:\/\/blogs.hoy.es\/moterosdehoy\/wp-json\/wp\/v2\/comments?post=1063"}],"version-history":[{"count":0,"href":"https:\/\/blogs.hoy.es\/moterosdehoy\/wp-json\/wp\/v2\/posts\/1063\/revisions"}],"wp:attachment":[{"href":"https:\/\/blogs.hoy.es\/moterosdehoy\/wp-json\/wp\/v2\/media?parent=1063"}],"wp:term":[{"taxonomy":"category","embeddable":true,"href":"https:\/\/blogs.hoy.es\/moterosdehoy\/wp-json\/wp\/v2\/categories?post=1063"},{"taxonomy":"post_tag","embeddable":true,"href":"https:\/\/blogs.hoy.es\/moterosdehoy\/wp-json\/wp\/v2\/tags?post=1063"}],"curies":[{"name":"wp","href":"https:\/\/api.w.org\/{rel}","templated":true}]}}