{"id":1066,"date":"2014-04-29T22:21:30","date_gmt":"2014-04-29T22:21:30","guid":{"rendered":"http:\/\/blogs.hoy.es\/moterosdehoy\/?p=1066"},"modified":"2014-04-29T22:21:30","modified_gmt":"2014-04-29T22:21:30","slug":"jerez-capital-mundial-del-motociclismo","status":"publish","type":"post","link":"https:\/\/blogs.hoy.es\/moterosdehoy\/2014\/04\/29\/jerez-capital-mundial-del-motociclismo\/","title":{"rendered":"Jerez Capital Mundial del Motociclismo"},"content":{"rendered":"<p>El fin de semana <strong>del 2 al 4 de mayo<\/strong>, Jerez de la Frontera ser\u00e1 una vez m\u00e1s la Capital Mundial del Motociclismo.<\/p>\n<p><a href=\"\/moterosdehoy\/wp-content\/uploads\/sites\/45\/2014\/04\/Chica-con-moto-20.jpg\"><img loading=\"lazy\" class=\"alignleft size-medium wp-image-1067\" title=\"Chica con moto 20\" src=\"\/moterosdehoy\/wp-content\/uploads\/sites\/45\/2014\/04\/Chica-con-moto-20.jpg\" alt=\"\" width=\"232\" height=\"300\" srcset=\"https:\/\/static-blogs.hoy.es\/wp-content\/uploads\/sites\/45\/2014\/04\/Chica-con-moto-20.jpg 529w, https:\/\/static-blogs.hoy.es\/wp-content\/uploads\/sites\/45\/2014\/04\/Chica-con-moto-20-232x300.jpg 232w\" sizes=\"(max-width: 232px) 100vw, 232px\" \/><\/a>\u00a0 El domingo 4 de mayo se celebra en Jerez el\u00a0Gran Premio de Espa\u00f1a de Motociclismo, tercera prueba de la temporada y que recae en el continente europeo tras las carreras de Qatar, Austin y Argentina. Si quieres\u00a0ver Moto GP Jerez 2014\u00a0est\u00e1s de suerte, porque se trata de uno de los nueve Grandes Premios que emite\u00a0Mediaset\u00a0en abierto. Recuerda que arrancan el viernes con la primera sesi\u00f3n de entrenamientos libres, a partir de las 9.00 horas.<!--more--><\/p>\n<p>Ser\u00e1 su veintisiete a\u00f1o consecutivo, y como en ediciones anteriores tendr\u00e1 miles de moteros para tener su &#8220;fin de semana de motos&#8221;. Ello conlleva un gran despliegue de seguridad, eventos variopintos, un gran ambiente, los mejores pilotos del mundo y una ciudad volcada con el motor.<\/p>\n<p>Las motos en Jerez han ido perdiendo mucho, primordialmente por la famosa CRISIS, aunque el Ayuntamiento tambi\u00e9n ha mediado lo que ha podido. Hace a\u00f1os la ciudad quedaba paralizada y s\u00f3lo se pod\u00eda andar por ella a pi\u00e9 o en moto, quedando todas las calles del casco viejo cortadas para acoger a todos los moteros que llegaban de muchas partes del mundo, no solo de Espa\u00f1a. Eso ya no es as\u00ed, ya no se ponen vallas para cortar calles y para crear espect\u00e1culo, con sus caballitos y piruetas de los moteros mucho menos. Ha habido atropellos y desfases, que han llevado a la situaci\u00f3n actual. Pero ni tanto, ni tan calvo. No todos los moteros somos malos.<\/p>\n<p>Hoy d\u00eda la mayor\u00eda de los moteros acuden para ver las carreras, algunos no se quedan ni en la inmediaciones del circuito. Acuden el domingo por la ma\u00f1ana temprano, ven las carreras y de regreso a casa. Muchos ni pasan por Jerez.<\/p>\n<p>Pero \u00e9ste a\u00f1o puede volver a sus inicios. Para comenzar hay un fin de semana largo con un puente, por lo que se prev\u00e9 que comenzar\u00e1n a llegar motos a Jerez e inmediaciones el mi\u00e9rcoles. Por otro lado tenemos nada menos que tres grandes, M\u00e1rquez, Pedrosa y Lorenzo, que correr\u00e1n en Jerez ante la atenta mirada de miles de aficionados.<\/p>\n<div id=\"attachment_1068\" style=\"width: 310px\" class=\"wp-caption alignright\"><a href=\"\/moterosdehoy\/wp-content\/uploads\/sites\/45\/2014\/04\/Jerez-2014.jpg\"><img aria-describedby=\"caption-attachment-1068\" loading=\"lazy\" class=\"size-medium wp-image-1068\" title=\"Jerez 2014\" src=\"\/moterosdehoy\/wp-content\/uploads\/sites\/45\/2014\/04\/Jerez-2014.jpg\" alt=\"\" width=\"300\" height=\"202\" srcset=\"https:\/\/static-blogs.hoy.es\/wp-content\/uploads\/sites\/45\/2014\/04\/Jerez-2014.jpg 938w, https:\/\/static-blogs.hoy.es\/wp-content\/uploads\/sites\/45\/2014\/04\/Jerez-2014-300x202.jpg 300w, https:\/\/static-blogs.hoy.es\/wp-content\/uploads\/sites\/45\/2014\/04\/Jerez-2014-768x517.jpg 768w\" sizes=\"(max-width: 300px) 100vw, 300px\" \/><\/a><p id=\"caption-attachment-1068\" class=\"wp-caption-text\">Precios Jerez 2014<\/p><\/div>\n<p>Os dejo un gr\u00e1fico con los diferentes precios de las entradas y la situaci\u00f3n dentro del circuito (haz clic sobre el para verlo ampliado).<\/p>\n<p>A pesar de que en Pelousse son las m\u00e1s baratas, por 15\u20ac m\u00e1s tienes en algunas zonas de Tribuna, con asiento y parking para tu moto dentro del circuito. Te lo recomiendo, una vez all\u00ed o madrugas o te costar\u00e1 encontrar sitio para la moto cerca.<\/p>\n<p>Todos aquellos que visit\u00e9is Jerez en estos d\u00edas podr\u00e9is disfrutar de una agenda especial motera. La celebraci\u00f3n de la \u2018III Semana del Mundial\u2019 dar\u00e1 la oportunidad de vivir un poco m\u00e1s de cerca el motociclismo a todos. Hasta el 1 de mayo, jueves, se podr\u00e1n visionar las siguientes motocicletas con las que se han conquistado campeonatos del mundo de 500cc y Moto GP: Honda NSR 500 de Mick Doohan, Honda NSR 500 de Alex Crivill\u00e9, Honda RC211 de Valentino Rossi, Honda RC 212 V de Nicky Hayden, Honda RC212 V de Casey Stoner, Honda RC213V de Marc M\u00e1rquez. Adem\u00e1s, el s\u00e1bado se celebrar\u00e1 el \u2018I Memorial del Gran Premio de la Merced\u2019, entre otras actividades preparadas para la ocasi\u00f3n.<\/p>\n<p>Y por supuesto para salir de fiesta un cl\u00e1sico, la &#8220;Sala Rodeo&#8221; del Puerto de Santa Mar\u00eda, donde el s\u00e1bado d\u00eda 3 tienen preparada una gran fiesta que comenzar\u00e1 a las 20:00h. All\u00ed habr\u00e1n regalos, sorteos, concierto de rock y exposici\u00f3n de motos. Adem\u00e1s acudir\u00e1 <a title=\"Enlace al peri\u00f3dico El Puerto Actualidad\" href=\"http:\/\/www.elpuertoactualidad.es\/\" target=\"_blank\" rel=\"external nofollow\">El Puerto Actualidad<\/a>, para realizar un reportaje para su peri\u00f3dico.<\/p>\n<p>S\u00f3lo un par de consejos, si vas a las carreras deja la adrenalina dentro de ellas y cuando subas a la moto recuerda que te esperan en casa. Por otro lado, si tienes una Vulcan no dejes de visitar el Bar la Draga, en el <a title=\"El Puerto de Santa Mar\u00eda en Wikipedia\" href=\"http:\/\/es.wikipedia.org\/wiki\/El_Puerto_de_Santa_Mar%C3%ADa\" target=\"_blank\" rel=\"external nofollow\">Puerto de Santa Mar\u00eda<\/a>, all\u00ed es la sede del VOCS en Andaluc\u00eda y te encontraras a los amigos Vulcaneros.<\/p>\n<p>Sino has ido nunca merece la pena, no habr\u00e1s visto tantas motos juntas en tu vida.<\/p>\n<p><strong>\u00a0\u00a0<a title=\"Enlace al facebook de Moteros de Hoy\" href=\"https:\/\/www.facebook.com\/moteroshoy?ref=hl\" target=\"_blank\" rel=\"external nofollow\">Saludos y r\u00e1fagas<\/a><\/strong>.<\/p>\n<!-- AddThis Advanced Settings generic via filter on the_content --><!-- AddThis Share Buttons generic via filter on the_content -->","protected":false},"excerpt":{"rendered":"<p>El fin de semana del 2 al 4 de mayo, Jerez de la Frontera ser\u00e1 una vez m\u00e1s la Capital Mundial del Motociclismo. \u00a0 El domingo 4 de mayo se celebra en Jerez el\u00a0Gran Premio de Espa\u00f1a de Motociclismo, tercera prueba de la temporada y que recae en el continente europeo tras las carreras de [&hellip;]<!-- AddThis Advanced Settings generic via filter on get_the_excerpt --><!-- AddThis Share Buttons generic via filter on get_the_excerpt --><\/p>\n","protected":false},"author":49,"featured_media":0,"comment_status":"open","ping_status":"closed","sticky":false,"template":"","format":"standard","meta":[],"categories":[13],"tags":[98,137,528,622,629,639,641,883],"_links":{"self":[{"href":"https:\/\/blogs.hoy.es\/moterosdehoy\/wp-json\/wp\/v2\/posts\/1066"}],"collection":[{"href":"https:\/\/blogs.hoy.es\/moterosdehoy\/wp-json\/wp\/v2\/posts"}],"about":[{"href":"https:\/\/blogs.hoy.es\/moterosdehoy\/wp-json\/wp\/v2\/types\/post"}],"author":[{"embeddable":true,"href":"https:\/\/blogs.hoy.es\/moterosdehoy\/wp-json\/wp\/v2\/users\/49"}],"replies":[{"embeddable":true,"href":"https:\/\/blogs.hoy.es\/moterosdehoy\/wp-json\/wp\/v2\/comments?post=1066"}],"version-history":[{"count":0,"href":"https:\/\/blogs.hoy.es\/moterosdehoy\/wp-json\/wp\/v2\/posts\/1066\/revisions"}],"wp:attachment":[{"href":"https:\/\/blogs.hoy.es\/moterosdehoy\/wp-json\/wp\/v2\/media?parent=1066"}],"wp:term":[{"taxonomy":"category","embeddable":true,"href":"https:\/\/blogs.hoy.es\/moterosdehoy\/wp-json\/wp\/v2\/categories?post=1066"},{"taxonomy":"post_tag","embeddable":true,"href":"https:\/\/blogs.hoy.es\/moterosdehoy\/wp-json\/wp\/v2\/tags?post=1066"}],"curies":[{"name":"wp","href":"https:\/\/api.w.org\/{rel}","templated":true}]}}