{"id":1070,"date":"2014-05-04T08:00:46","date_gmt":"2014-05-04T08:00:46","guid":{"rendered":"http:\/\/blogs.hoy.es\/moterosdehoy\/?p=1070"},"modified":"2014-05-04T08:00:46","modified_gmt":"2014-05-04T08:00:46","slug":"barril-crazy-riders","status":"publish","type":"post","link":"https:\/\/blogs.hoy.es\/moterosdehoy\/2014\/05\/04\/barril-crazy-riders\/","title":{"rendered":"Barril Crazy Riders"},"content":{"rendered":"<p>El d\u00eda <strong>10 de mayo<\/strong> 2014, los amigos del <strong>Custom Club &#8220;Crazy Riders&#8221;<\/strong>, quieren tener un d\u00eda de reuni\u00f3n motera en su localidad, el <a title=\"Casar de C\u00e1ceres en Wikipedia\" href=\"http:\/\/es.wikipedia.org\/wiki\/Casar_de_C%C3%A1ceres\" target=\"_blank\" rel=\"external nofollow\">Casar de C\u00e1ceres<\/a> (C\u00e1ceres).<\/p>\n<div class=\"mceTemp\">\n<div id=\"attachment_1071\" style=\"width: 222px\" class=\"wp-caption alignleft\"><a href=\"\/moterosdehoy\/wp-content\/uploads\/sites\/45\/2014\/05\/Barril-Crazy-Riders.jpg\"><img aria-describedby=\"caption-attachment-1071\" loading=\"lazy\" class=\"size-medium wp-image-1071\" title=\"Barril Crazy Riders\" src=\"\/moterosdehoy\/wp-content\/uploads\/sites\/45\/2014\/05\/Barril-Crazy-Riders.jpg\" alt=\"\" width=\"212\" height=\"300\" srcset=\"https:\/\/static-blogs.hoy.es\/wp-content\/uploads\/sites\/45\/2014\/05\/Barril-Crazy-Riders.jpg 1530w, https:\/\/static-blogs.hoy.es\/wp-content\/uploads\/sites\/45\/2014\/05\/Barril-Crazy-Riders-212x300.jpg 212w, https:\/\/static-blogs.hoy.es\/wp-content\/uploads\/sites\/45\/2014\/05\/Barril-Crazy-Riders-768x1086.jpg 768w, https:\/\/static-blogs.hoy.es\/wp-content\/uploads\/sites\/45\/2014\/05\/Barril-Crazy-Riders-724x1024.jpg 724w\" sizes=\"(max-width: 212px) 100vw, 212px\" \/><\/a><p id=\"caption-attachment-1071\" class=\"wp-caption-text\">Cartel del evento<\/p><\/div>\n<\/div>\n<div class=\"mceTemp\">\u00a0 El punto de encuentro ser\u00e1 a las 13:00h en la Cervecer\u00eda A.D. Casar. De ese modo dan tiempo para que puedan llegar moteros de muchos puntos, sin tener por ello que madrugar.<\/div>\n<div class=\"mceTemp\"><\/div>\n<div class=\"mceTemp\">\u00a0 Para amenizar el d\u00eda tendr\u00e1n m\u00fasica, grupos de rock, exhibici\u00f3n de baile y actuaciones, por lo que la fiesta est\u00e1 garantizada.<\/div>\n<div class=\"mceTemp\"><\/div>\n<div class=\"mceTemp\">\u00a0 Seguro que ser\u00e1 un d\u00eda de gran fiesta motera, no te la puedes perder.<\/div>\n<div class=\"mceTemp\"><\/div>\n<div class=\"mceTemp\">\u00a0 <a title=\"Enlace al facebook de Moteros de Hoy\" href=\"https:\/\/www.facebook.com\/moteroshoy?ref=hl\" target=\"_blank\" rel=\"external nofollow\">Saludos y r\u00e1fagas<\/a>.<\/div>\n<!-- AddThis Advanced Settings generic via filter on the_content --><!-- AddThis Share Buttons generic via filter on the_content -->","protected":false},"excerpt":{"rendered":"<p>El d\u00eda 10 de mayo 2014, los amigos del Custom Club &#8220;Crazy Riders&#8221;, quieren tener un d\u00eda de reuni\u00f3n motera en su localidad, el Casar de C\u00e1ceres (C\u00e1ceres). \u00a0 El punto de encuentro ser\u00e1 a las 13:00h en la Cervecer\u00eda A.D. Casar. De ese modo dan tiempo para que puedan llegar moteros de muchos puntos, [&hellip;]<!-- AddThis Advanced Settings generic via filter on get_the_excerpt --><!-- AddThis Share Buttons generic via filter on get_the_excerpt --><\/p>\n","protected":false},"author":49,"featured_media":0,"comment_status":"open","ping_status":"closed","sticky":false,"template":"","format":"standard","meta":[],"categories":[13],"tags":[104,105,610,622,629,639,641],"_links":{"self":[{"href":"https:\/\/blogs.hoy.es\/moterosdehoy\/wp-json\/wp\/v2\/posts\/1070"}],"collection":[{"href":"https:\/\/blogs.hoy.es\/moterosdehoy\/wp-json\/wp\/v2\/posts"}],"about":[{"href":"https:\/\/blogs.hoy.es\/moterosdehoy\/wp-json\/wp\/v2\/types\/post"}],"author":[{"embeddable":true,"href":"https:\/\/blogs.hoy.es\/moterosdehoy\/wp-json\/wp\/v2\/users\/49"}],"replies":[{"embeddable":true,"href":"https:\/\/blogs.hoy.es\/moterosdehoy\/wp-json\/wp\/v2\/comments?post=1070"}],"version-history":[{"count":0,"href":"https:\/\/blogs.hoy.es\/moterosdehoy\/wp-json\/wp\/v2\/posts\/1070\/revisions"}],"wp:attachment":[{"href":"https:\/\/blogs.hoy.es\/moterosdehoy\/wp-json\/wp\/v2\/media?parent=1070"}],"wp:term":[{"taxonomy":"category","embeddable":true,"href":"https:\/\/blogs.hoy.es\/moterosdehoy\/wp-json\/wp\/v2\/categories?post=1070"},{"taxonomy":"post_tag","embeddable":true,"href":"https:\/\/blogs.hoy.es\/moterosdehoy\/wp-json\/wp\/v2\/tags?post=1070"}],"curies":[{"name":"wp","href":"https:\/\/api.w.org\/{rel}","templated":true}]}}