{"id":1074,"date":"2014-05-11T10:39:40","date_gmt":"2014-05-11T10:39:40","guid":{"rendered":"http:\/\/blogs.hoy.es\/moterosdehoy\/?p=1074"},"modified":"2014-05-11T10:39:40","modified_gmt":"2014-05-11T10:39:40","slug":"serranitos-2014","status":"publish","type":"post","link":"https:\/\/blogs.hoy.es\/moterosdehoy\/2014\/05\/11\/serranitos-2014\/","title":{"rendered":"Serranitos 2014"},"content":{"rendered":"<p>Se aproxima en el calendario motero la que ser\u00e1 ya la XVII CONCENTRACI\u00d3N MOTERA SERRANITOS 2014, tendr\u00e1 lugar en <a title=\"Fregenal de la Sierra en Wikipedia\" href=\"http:\/\/es.wikipedia.org\/wiki\/Fregenal_de_la_Sierra\" target=\"_blank\" rel=\"external nofollow\">Fregenal de la Sierra<\/a> el fin de semana del 23 al 25 de mayo.<\/p>\n<div id=\"attachment_1075\" style=\"width: 221px\" class=\"wp-caption alignleft\"><a href=\"\/moterosdehoy\/wp-content\/uploads\/sites\/45\/2014\/05\/Serranitos-2014.jpg\"><img aria-describedby=\"caption-attachment-1075\" loading=\"lazy\" class=\"size-medium wp-image-1075\" title=\"Serranitos 2014\" src=\"\/moterosdehoy\/wp-content\/uploads\/sites\/45\/2014\/05\/Serranitos-2014.jpg\" alt=\"\" width=\"211\" height=\"300\" srcset=\"https:\/\/static-blogs.hoy.es\/wp-content\/uploads\/sites\/45\/2014\/05\/Serranitos-2014.jpg 600w, https:\/\/static-blogs.hoy.es\/wp-content\/uploads\/sites\/45\/2014\/05\/Serranitos-2014-212x300.jpg 212w\" sizes=\"(max-width: 211px) 100vw, 211px\" \/><\/a><p id=\"caption-attachment-1075\" class=\"wp-caption-text\">Cartel del evento<\/p><\/div>\n<p>La pe\u00f1a motera &#8220;<a title=\"Enlace con LOS VENDIOS\" href=\"http:\/\/www.losvendios.com\/contacto.html\" target=\"_blank\" rel=\"external nofollow\">LOS VENDIOS<\/a>&#8221; nos tiene preparado un fin de semana repleto de actividades, con un programa pensado por moter@s y para moter@s, con el fin de que disfrutemos lo m\u00e1ximo posible de las motos y del pueblo de Fregenal y su gente, que como siempre seguro que se volcar\u00e1n para que nos encontremos a gusto.<!--more--><\/p>\n<p>Dentro del programa nos tienen preparadas rutas por la zona con degustaci\u00f3n de ib\u00e9ricos, parrillada, paella y por supuesto fiesta motera. Os paso detalle del programa:<\/p>\n<p><strong>VIERNES, 23 MAYO<\/strong><\/p>\n<p>-21:00 horas. Apertura de inscripciones en la carpa del Paseo de la Constituci\u00f3n y de la acampada gratuita y vigilada en el Complejo Deportivo Municipal.<br \/>\n-22:00 h. Montaditos gratuitos en la carpa del Paseo de la Constituci\u00f3n. Servicio de barra con buena m\u00fasica.<\/p>\n<p><strong>SABADO, 24 MAYO<\/strong><br \/>\n-11:00 h. Apertura de inscripciones en la carpa del Paseo de la Constituci\u00f3n.<br \/>\n-15:00 h. Paella gratuita en la carpa del Paseo de la Constituci\u00f3n para todos los inscritos. Servicio de bar con m\u00fasica y buen ambiente.<br \/>\n-18:30 h. Arrancada al un\u00edsono de motos y comienzo de la ruta bar\u00edtima-tur\u00edstica por la zona, con copitas y abundante tapeo ib\u00e9rico en varias paradas.<br \/>\n-20:45 h. Pantalla s\u00fapergigante para ver c\u00f3modamente la Final de la Champions League.<br \/>\n-22:30 h. Cena con serranitos ib\u00e9ricos,bebida y helado en el Complejo Mallorca.<br \/>\n-00:00 h. Fiesta motera en la carpa de la concentraci\u00f3n del Paseo de la Constituci\u00f3n. Hasta las 2.00 m\u00fasica tributo a los viejos roqueros y a partir de esa hora m\u00fasica actual con DJ animador, habr\u00e1 regalos y azafatas, show er\u00f3tico mixto\/integral , hasta altas horas de la madrugada.<\/p>\n<p><strong>DOMINGO, 25 MAYO<\/strong><br \/>\n-De 9:00 a 11:30 horas. Desayuno con churros o tostadas en Churrer\u00eda-Chocolater\u00eda Los Remedios en el Jard\u00edn.<br \/>\n-10:30 horas. Aperturas de inscripciones en la carpa del Paseo de la Constituci\u00f3n.<br \/>\n-12:00 horas. Ruta tur\u00edstica-bar\u00edtima por la zona con copitas (refrescos, cervezas con y cerveza sin) y abundante tapeo ib\u00e9rico en diferentes paradas.<br \/>\n-15:00 horas. Comida motera en Complejo Mallorca con bebida, ensalada, 1\u00ba plato, 2\u00ba plato y postre. Durante la comida se har\u00e1 la entrega de los trofeos y degustaremos dulces t\u00edpicos del pueblo ofrecidos por Dulcer\u00eda Risco. Despedida y hasta el a\u00f1o que viene.<\/p>\n<p>Entre los TROFEOS, se har\u00e1n entrega:<br \/>\n-Al motero m\u00e1s lejano.<br \/>\n-Al motero m\u00e1s joven.<br \/>\n-Al motero de m\u00e1s edad.<br \/>\n-Al moto-club con m\u00e1s inscritos.<br \/>\n-Al 2\u00ba moto-club con m\u00e1s inscritos.<br \/>\n-Al 3\u00ba moto-club con m\u00e1s inscritos.<br \/>\n-A la moto m\u00e1s antigua documentada.<br \/>\n-Al moto-club internacional con m\u00e1s inscritos.<br \/>\n-Al 2\u00ba moto-club internacional con m\u00e1s inscritos.<br \/>\n-Miss concentraci\u00f3n.<br \/>\n-Mister concentraci\u00f3n.<br \/>\n-Trofeo Serranitos.<\/p>\n<p>Habr\u00e1n varias modalidades de inscripciones, la de fin de semana o s\u00e1bado y domingo: 28 euros, s\u00f3lo s\u00e1bado: 15 euros y s\u00f3lo domingo: 15 euros.<\/p>\n<p>Al inscribirte con las diversas modalidades tendr\u00e1s derecho a:<br \/>\n-Copa de bienvenida.<br \/>\n-Bolsa de regalo (camisetas, pin, etc)<br \/>\n-Acampada vigilada en c\u00e9sped a la sombra, ba\u00f1os y duchas con agua caliente.<br \/>\n-Parrillada del Viernes.<br \/>\n-Paella del S\u00e1bado mediod\u00eda.<br \/>\n-Rutas S\u00e1bado y Domingo, 7 paradas con copa y degustaci\u00f3n de productos ib\u00e9ricos.<br \/>\n-Cena del S\u00e1bado en Complejo Mallorca con serranitos ib\u00e9ricos, bebida y helado.<br \/>\n-Fiesta motera en la carpa de la concentraci\u00f3n con m\u00fasica y show \u00e9rotico masculino y femenino.<br \/>\n-Desayuno del Domingo<br \/>\n-Comida del domingo en Complejo Mallorca con ensalada, primer y segundo plato, helado y bebida.<br \/>\n-Degustaci\u00f3n de pasteles t\u00edpicos de la zona.<br \/>\n-Trofeos y regalos.<\/p>\n<p>Desde la organizaci\u00f3n de la Pe\u00f1a Los Vendios nos pasan datos de plazas hoteleras en Fregenal y alrededores, por si quieres quedarte el fin de semana y no quieres hacerlo en tienda de campa\u00f1a:<\/p>\n<p>&#8211; Albergue Nert\u00f3briga (colaborador de la Concentraci\u00f3n):habitaciones de cuatro personas,10 euros por persona y noche, PLAZAS LIMITADAS: 666.673.311<br \/>\n&#8211; Hotel Sierra Fregenal **: 924.702.025 (www.hotelsierrafrenal.com)<br \/>\n&#8211; Hotel Cristina *** (www.hotelcristinafregenal.com): 924.700.040<br \/>\n&#8211; Hotel rural La Fontanilla (www.la-fontanilla.es): 924.700.600 \u2013 646.012.587<br \/>\n&#8211; Casa rural El Lucio (www.el-lucio.com): 653.977.069 y 924.701.070<br \/>\n&#8211; Casa rural la encina del chow chow (www.inco.nu\/casarural): 649 615 865<br \/>\n&#8211; Hotel La Ch\u00e1cara (a 5 km en Higuera la Real): 924.723.128<br \/>\n&#8211; Hostal Hern\u00e1ndez (a 5 km en Higuera la Real): 924.723.300<\/p>\n<p>Todo un fin de semana que no te puedes perder, de seguro que nos juntaremos muchos moteros con ganas de fiesta y de pasarlo bien, all\u00ed nos vemos.<\/p>\n<p><strong>\u00a0 <a title=\"Enlace al facebook de Moteros de Hoy\" href=\"https:\/\/www.facebook.com\/moteroshoy?ref=hl\" target=\"_blank\" rel=\"external nofollow\">Saludos y r\u00e1fagas<\/a>.<\/strong><\/p>\n<!-- AddThis Advanced Settings generic via filter on the_content --><!-- AddThis Share Buttons generic via filter on the_content -->","protected":false},"excerpt":{"rendered":"<p>Se aproxima en el calendario motero la que ser\u00e1 ya la XVII CONCENTRACI\u00d3N MOTERA SERRANITOS 2014, tendr\u00e1 lugar en Fregenal de la Sierra el fin de semana del 23 al 25 de mayo. La pe\u00f1a motera &#8220;LOS VENDIOS&#8221; nos tiene preparado un fin de semana repleto de actividades, con un programa pensado por moter@s y [&hellip;]<!-- AddThis Advanced Settings generic via filter on get_the_excerpt --><!-- AddThis Share Buttons generic via filter on get_the_excerpt --><\/p>\n","protected":false},"author":49,"featured_media":0,"comment_status":"open","ping_status":"closed","sticky":false,"template":"","format":"standard","meta":[],"categories":[13],"tags":[418,610,613,622,624,629,904],"_links":{"self":[{"href":"https:\/\/blogs.hoy.es\/moterosdehoy\/wp-json\/wp\/v2\/posts\/1074"}],"collection":[{"href":"https:\/\/blogs.hoy.es\/moterosdehoy\/wp-json\/wp\/v2\/posts"}],"about":[{"href":"https:\/\/blogs.hoy.es\/moterosdehoy\/wp-json\/wp\/v2\/types\/post"}],"author":[{"embeddable":true,"href":"https:\/\/blogs.hoy.es\/moterosdehoy\/wp-json\/wp\/v2\/users\/49"}],"replies":[{"embeddable":true,"href":"https:\/\/blogs.hoy.es\/moterosdehoy\/wp-json\/wp\/v2\/comments?post=1074"}],"version-history":[{"count":0,"href":"https:\/\/blogs.hoy.es\/moterosdehoy\/wp-json\/wp\/v2\/posts\/1074\/revisions"}],"wp:attachment":[{"href":"https:\/\/blogs.hoy.es\/moterosdehoy\/wp-json\/wp\/v2\/media?parent=1074"}],"wp:term":[{"taxonomy":"category","embeddable":true,"href":"https:\/\/blogs.hoy.es\/moterosdehoy\/wp-json\/wp\/v2\/categories?post=1074"},{"taxonomy":"post_tag","embeddable":true,"href":"https:\/\/blogs.hoy.es\/moterosdehoy\/wp-json\/wp\/v2\/tags?post=1074"}],"curies":[{"name":"wp","href":"https:\/\/api.w.org\/{rel}","templated":true}]}}