{"id":1078,"date":"2014-05-13T22:25:41","date_gmt":"2014-05-13T22:25:41","guid":{"rendered":"http:\/\/blogs.hoy.es\/moterosdehoy\/?p=1078"},"modified":"2014-05-13T22:25:41","modified_gmt":"2014-05-13T22:25:41","slug":"i-festival-rolling-custom-rock","status":"publish","type":"post","link":"https:\/\/blogs.hoy.es\/moterosdehoy\/2014\/05\/13\/i-festival-rolling-custom-rock\/","title":{"rendered":"I Festival Rolling Custom Rock"},"content":{"rendered":"<p>El s\u00e1bado d\u00eda 17 de mayo tendr\u00e1 lugar en <a title=\"Plasencia en Wikipedia\" href=\"http:\/\/es.wikipedia.org\/wiki\/Plasencia\" rel=\"external nofollow\">Plasencia<\/a>\u00a0(C\u00e1ceres), el primer <a title=\"Rolling Custom Rock\" href=\"http:\/\/www.rollingcustomrock.es\/\" rel=\"external nofollow\">Festival Rolling Custom Rock<\/a>.<\/p>\n<p><a href=\"\/moterosdehoy\/wp-content\/uploads\/sites\/45\/2014\/05\/Festivalrolling.png\"><img loading=\"lazy\" class=\"alignleft size-medium wp-image-1079\" title=\"Festivalrolling\" src=\"\/moterosdehoy\/wp-content\/uploads\/sites\/45\/2014\/05\/Festivalrolling.png\" alt=\"\" width=\"243\" height=\"300\" srcset=\"https:\/\/static-blogs.hoy.es\/wp-content\/uploads\/sites\/45\/2014\/05\/Festivalrolling.png 322w, https:\/\/static-blogs.hoy.es\/wp-content\/uploads\/sites\/45\/2014\/05\/Festivalrolling-244x300.png 244w\" sizes=\"(max-width: 243px) 100vw, 243px\" \/><\/a>\u00a0Desde la organizaci\u00f3n de la <a title=\"Ruta V\u00eda de la Plata\" href=\"http:\/\/www.rutadelaplata.com\/es\" rel=\"external nofollow\">Ruta V\u00eda de la Plata<\/a> quieren buscar buen ambiente, buena m\u00fasica y un punto de encuentro para la afici\u00f3n del mundo de las dos ruedas. <!--more-->Su idea no es ser solo una concentraci\u00f3n o un Festival, quieren ser el Festival de la Ruta A-66, ofrecer una vez al a\u00f1o un punto de encuentro y de fomento de toda la ruta, desde Gij\u00f3n hasta Sevilla, quieren contribuir a ese esp\u00edritu que pretende hacer de la A-66 la \u201cRuta 66\u201d de Espa\u00f1a.<\/p>\n<p>Si quieres saber que grupos actuar\u00e1n <a title=\"Grupos que actuar\u00e1n\" href=\"http:\/\/www.rollingcustomrock.es\/#multimedia\" target=\"_blank\" rel=\"external nofollow\">haz clic aqu\u00ed<\/a>.<\/p>\n<p>El Festival adem\u00e1s ser\u00e1 accesible a discapacitados auditivos, pues a trav\u00e9s de personal de ASCAPAS que traducir\u00e1n a la lengua de signos algunos de los temas.<\/p>\n<p><a title=\"Enlace al facebook de Moteros de Hoy\" href=\"https:\/\/www.facebook.com\/moteroshoy?ref=hl\" target=\"_blank\" rel=\"external nofollow\">Saludos y r\u00e1fagas<\/a>.<\/p>\n<!-- AddThis Advanced Settings generic via filter on the_content --><!-- AddThis Share Buttons generic via filter on the_content -->","protected":false},"excerpt":{"rendered":"<p>El s\u00e1bado d\u00eda 17 de mayo tendr\u00e1 lugar en Plasencia\u00a0(C\u00e1ceres), el primer Festival Rolling Custom Rock. \u00a0Desde la organizaci\u00f3n de la Ruta V\u00eda de la Plata quieren buscar buen ambiente, buena m\u00fasica y un punto de encuentro para la afici\u00f3n del mundo de las dos ruedas.<!-- AddThis Advanced Settings generic via filter on get_the_excerpt --><!-- AddThis Share Buttons generic via filter on get_the_excerpt --><\/p>\n","protected":false},"author":49,"featured_media":0,"comment_status":"open","ping_status":"closed","sticky":false,"template":"","format":"standard","meta":[],"categories":[13],"tags":[403,622,624,639,882],"_links":{"self":[{"href":"https:\/\/blogs.hoy.es\/moterosdehoy\/wp-json\/wp\/v2\/posts\/1078"}],"collection":[{"href":"https:\/\/blogs.hoy.es\/moterosdehoy\/wp-json\/wp\/v2\/posts"}],"about":[{"href":"https:\/\/blogs.hoy.es\/moterosdehoy\/wp-json\/wp\/v2\/types\/post"}],"author":[{"embeddable":true,"href":"https:\/\/blogs.hoy.es\/moterosdehoy\/wp-json\/wp\/v2\/users\/49"}],"replies":[{"embeddable":true,"href":"https:\/\/blogs.hoy.es\/moterosdehoy\/wp-json\/wp\/v2\/comments?post=1078"}],"version-history":[{"count":0,"href":"https:\/\/blogs.hoy.es\/moterosdehoy\/wp-json\/wp\/v2\/posts\/1078\/revisions"}],"wp:attachment":[{"href":"https:\/\/blogs.hoy.es\/moterosdehoy\/wp-json\/wp\/v2\/media?parent=1078"}],"wp:term":[{"taxonomy":"category","embeddable":true,"href":"https:\/\/blogs.hoy.es\/moterosdehoy\/wp-json\/wp\/v2\/categories?post=1078"},{"taxonomy":"post_tag","embeddable":true,"href":"https:\/\/blogs.hoy.es\/moterosdehoy\/wp-json\/wp\/v2\/tags?post=1078"}],"curies":[{"name":"wp","href":"https:\/\/api.w.org\/{rel}","templated":true}]}}