{"id":1085,"date":"2014-05-29T14:50:37","date_gmt":"2014-05-29T14:50:37","guid":{"rendered":"http:\/\/blogs.hoy.es\/moterosdehoy\/?p=1085"},"modified":"2014-05-29T14:50:37","modified_gmt":"2014-05-29T14:50:37","slug":"5a-convivencia-motera-en-alvarado","status":"publish","type":"post","link":"https:\/\/blogs.hoy.es\/moterosdehoy\/2014\/05\/29\/5a-convivencia-motera-en-alvarado\/","title":{"rendered":"5\u00aa Convivencia motera en Alvarado"},"content":{"rendered":"<div>\u00a0 Ya tenemos a la vista la quinta convivencia motera en <a title=\"Alvarado en wikipedia\" href=\"http:\/\/es.wikipedia.org\/wiki\/Alvarado_(Badajoz)\" target=\"_blank\" rel=\"external nofollow\">Alvarado<\/a> (Badajoz), que de seguro y como en ediciones anteriores ser\u00e1 todo un \u00e9xito.<\/div>\n<div>\n<div id=\"attachment_1086\" style=\"width: 223px\" class=\"wp-caption alignleft\"><a href=\"\/moterosdehoy\/wp-content\/uploads\/sites\/45\/2014\/05\/V-Convivencia-motera_001.jpg\"><img aria-describedby=\"caption-attachment-1086\" loading=\"lazy\" class=\"size-medium wp-image-1086\" title=\"V Convivencia motera_001\" src=\"\/moterosdehoy\/wp-content\/uploads\/sites\/45\/2014\/05\/V-Convivencia-motera_001.jpg\" alt=\"\" width=\"213\" height=\"300\" srcset=\"https:\/\/static-blogs.hoy.es\/wp-content\/uploads\/sites\/45\/2014\/05\/V-Convivencia-motera_001.jpg 567w, https:\/\/static-blogs.hoy.es\/wp-content\/uploads\/sites\/45\/2014\/05\/V-Convivencia-motera_001-213x300.jpg 213w\" sizes=\"(max-width: 213px) 100vw, 213px\" \/><\/a><p id=\"caption-attachment-1086\" class=\"wp-caption-text\">Cartel del evento<\/p><\/div>\n<\/div>\n<div>\u00a0 Tendr\u00e1 lugar el d\u00eda <strong>15 de junio 2014<\/strong> y por supuesto el lugar de encuentro ser\u00e1 en Alvarado, donde a partir de las <strong>10:00h<\/strong> nos estar\u00e1n esperando. En \u00e9sta ocasi\u00f3n y para evitar colas han puesto dos bares para el desayuno,<strong> Mes\u00f3n El Sitio y Bar de Guille<\/strong>, para que cada cual vaya al que desee, en ellos s\u00f3lo se pagar\u00e1 el caf\u00e9. Los churros, migas, ect.. ser\u00e1n <strong>gratis<\/strong>.<\/div>\n<div><!--more-->\u00a0 Sobre las <strong>11:00h<\/strong> tendr\u00e1 lugar la <strong>ruta<\/strong>, que ser\u00e1 cortita, unos 80 kms. Partiendo de Alvarado, recorrer\u00e1 Corte de Peleas, Villalba, Santa Marta, La Albuera, donde se realizar\u00e1 una parada para tomar el <strong>refrigerio<\/strong> como el a\u00f1o pasado, en el <strong>Bar Cecilio<\/strong>, para continuar posteriormente con la ruta y sobre la una del medio d\u00eda llegar a Alvarado.<\/div>\n<div>\u00a0 El lugar donde tienen previsto invitarnos a cerveza y comida (<strong>gratis<\/strong>, hasta que se acabe) es de nuevo en el Bar de Guille, donde al lado hay una zona con sombra para poder soportar si llega un d\u00eda caluroso.<\/div>\n<div>\u00a0 Este a\u00f1o cuentan con el grupo de Rock &#8220;Blues Doors&#8221; para que amenice la comida.<\/div>\n<div>\u00a0 Adem\u00e1s \u00e9ste a\u00f1o y dadas como est\u00e1n las cosas, han pensado poner <strong>OPERACI\u00d3N KILO SOLIDARIO<\/strong> a beneficio de C\u00e1ritas (Parroquia de San Agust\u00edn de Badajoz).<\/div>\n<div>\u00a0 Sabemos que los moteros somos solidarios y a las personas que m\u00e1s lo necesiten les vendr\u00e1 bien lo que consigamos para ellos, as\u00ed que no dudes en asistir, tendr\u00e1s un gran d\u00eda de buen ambiente motero y por favor no te olvides de aportar alg\u00fan kilo de alimento no perecedero, como aceite, legumbres, pasta, az\u00facar&#8230;<\/div>\n<div>\u00a0 Tener en cuenta que Alvarado es una pedan\u00eda de Badajoz en la que censados hay poco m\u00e1s de trescientos habitantes, por lo que est\u00e1 asegurado que ese d\u00eda las motos y los moteros seremos el espect\u00e1culo.<\/div>\n<div>\u00a0 Si puedo \u00e9ste a\u00f1o tampoco me la perder\u00e9, all\u00ed nos vemos.<\/div>\n<div>\u00a0 Si quieres ver <a title=\"Fotos del evento en Alvarado\" href=\"https:\/\/blogs.hoy.es\/moterosdehoy\/2014\/06\/16\/fotos-de-la-5a-convivencia-motera-en-alvarado\/\" target=\"_blank\">fotos del evento haz clic aqu\u00ed<\/a>.<\/div>\n<div>\u00a0 <a title=\"Enlace al facebook de Moteros de Hoy\" href=\"https:\/\/www.facebook.com\/moteroshoy?ref=hl\" target=\"_blank\" rel=\"external nofollow\">Saludos y r\u00e1fagas<\/a>.<\/div>\n<!-- AddThis Advanced Settings generic via filter on the_content --><!-- AddThis Share Buttons generic via filter on the_content -->","protected":false},"excerpt":{"rendered":"<p>\u00a0 Ya tenemos a la vista la quinta convivencia motera en Alvarado (Badajoz), que de seguro y como en ediciones anteriores ser\u00e1 todo un \u00e9xito. \u00a0 Tendr\u00e1 lugar el d\u00eda 15 de junio 2014 y por supuesto el lugar de encuentro ser\u00e1 en Alvarado, donde a partir de las 10:00h nos estar\u00e1n esperando. En \u00e9sta [&hellip;]<!-- AddThis Advanced Settings generic via filter on get_the_excerpt --><!-- AddThis Share Buttons generic via filter on get_the_excerpt --><\/p>\n","protected":false},"author":49,"featured_media":0,"comment_status":"open","ping_status":"closed","sticky":false,"template":"","format":"standard","meta":[],"categories":[13],"tags":[30,69,111,622,624,629,639,641,675],"_links":{"self":[{"href":"https:\/\/blogs.hoy.es\/moterosdehoy\/wp-json\/wp\/v2\/posts\/1085"}],"collection":[{"href":"https:\/\/blogs.hoy.es\/moterosdehoy\/wp-json\/wp\/v2\/posts"}],"about":[{"href":"https:\/\/blogs.hoy.es\/moterosdehoy\/wp-json\/wp\/v2\/types\/post"}],"author":[{"embeddable":true,"href":"https:\/\/blogs.hoy.es\/moterosdehoy\/wp-json\/wp\/v2\/users\/49"}],"replies":[{"embeddable":true,"href":"https:\/\/blogs.hoy.es\/moterosdehoy\/wp-json\/wp\/v2\/comments?post=1085"}],"version-history":[{"count":0,"href":"https:\/\/blogs.hoy.es\/moterosdehoy\/wp-json\/wp\/v2\/posts\/1085\/revisions"}],"wp:attachment":[{"href":"https:\/\/blogs.hoy.es\/moterosdehoy\/wp-json\/wp\/v2\/media?parent=1085"}],"wp:term":[{"taxonomy":"category","embeddable":true,"href":"https:\/\/blogs.hoy.es\/moterosdehoy\/wp-json\/wp\/v2\/categories?post=1085"},{"taxonomy":"post_tag","embeddable":true,"href":"https:\/\/blogs.hoy.es\/moterosdehoy\/wp-json\/wp\/v2\/tags?post=1085"}],"curies":[{"name":"wp","href":"https:\/\/api.w.org\/{rel}","templated":true}]}}