{"id":1088,"date":"2014-05-29T22:38:45","date_gmt":"2014-05-29T22:38:45","guid":{"rendered":"http:\/\/blogs.hoy.es\/moterosdehoy\/?p=1088"},"modified":"2014-05-29T22:38:45","modified_gmt":"2014-05-29T22:38:45","slug":"quedada-motera-en-jaraiz-de-la-vera","status":"publish","type":"post","link":"https:\/\/blogs.hoy.es\/moterosdehoy\/2014\/05\/29\/quedada-motera-en-jaraiz-de-la-vera\/","title":{"rendered":"Quedada motera en Jara\u00edz de la Vera"},"content":{"rendered":"<p>El <strong>s\u00e1bado d\u00eda 31 de mayo<\/strong> 2014 la pe\u00f1a de &#8220;los balines&#8221; han organizado en <a title=\"Jara\u00edz de la Vera en wikipedia\" href=\"http:\/\/es.wikipedia.org\/wiki\/Jara%C3%ADz_de_la_Vera\" target=\"_blank\" rel=\"external nofollow\">Jara\u00edz de la Vera<\/a> una quedada motera.<\/p>\n<div id=\"attachment_1089\" style=\"width: 197px\" class=\"wp-caption alignleft\"><a href=\"\/moterosdehoy\/wp-content\/uploads\/sites\/45\/2014\/05\/Jara\u00edz-de-la-Vera.jpg\"><img aria-describedby=\"caption-attachment-1089\" loading=\"lazy\" class=\"size-medium wp-image-1089\" title=\"Jara\u00edz de la Vera\" src=\"\/moterosdehoy\/wp-content\/uploads\/sites\/45\/2014\/05\/Jara\u00edz-de-la-Vera.jpg\" alt=\"\" width=\"187\" height=\"300\" srcset=\"https:\/\/static-blogs.hoy.es\/wp-content\/uploads\/sites\/45\/2014\/05\/Jara\u00edz-de-la-Vera.jpg 599w, https:\/\/static-blogs.hoy.es\/wp-content\/uploads\/sites\/45\/2014\/05\/Jara\u00edz-de-la-Vera-187x300.jpg 187w\" sizes=\"(max-width: 187px) 100vw, 187px\" \/><\/a><p id=\"caption-attachment-1089\" class=\"wp-caption-text\">Cartel del evento<\/p><\/div>\n<p>La quedada ser\u00e1 por la tarde, con posterior ruta por unas carreteras sorprendentes y fiesta nocturna.<\/p>\n<p>El punto de encuentro ser\u00e1 en la <strong>Plaza de Santa Ana de Jara\u00edz de la Vera<\/strong> (<a title=\"C\u00e1ceres en wikipedia\" href=\"http:\/\/es.wikipedia.org\/wiki\/C%C3%A1ceres\" target=\"_blank\" rel=\"external nofollow\">C\u00e1ceres<\/a>), desde donde se saldr\u00e1 de <strong>ruta a las 16:30h<\/strong>. En el cartel del evento est\u00e1 detallada toda la ruta, as\u00ed como los puntos donde se realizar\u00e1 una parada para tomar alg\u00fan refrigerio.<\/p>\n<p><!--more-->De regreso en Jara\u00edz de la Vera tendr\u00e1n cena en el Restaurante &#8220;La Finca&#8221; en el Hotel Xarahiz, previa confirmaci\u00f3n de asistencia, que pod\u00e9is realizar a trav\u00e9s de los tel\u00e9fonos que figuran en el cartel. El precio es muy ajustado, 10\u20ac.<\/p>\n<p>Sobre las 23:30h habr\u00e1 fiesta motera en la pista de tenis de la piscina municipal de Jaraiz, donde la entrada ser\u00e1 gratuita y no faltar\u00e1 animaci\u00f3n por Dj&#8217;s.<\/p>\n<p>Toda una gran fiesta para pasar el fin de semana. Si vas con la idea de quedarte a dormir com\u00e9ntalo a los organizadores.<\/p>\n<p>Saludos y r\u00e1fagas.<\/p>\n<!-- AddThis Advanced Settings generic via filter on the_content --><!-- AddThis Share Buttons generic via filter on the_content -->","protected":false},"excerpt":{"rendered":"<p>El s\u00e1bado d\u00eda 31 de mayo 2014 la pe\u00f1a de &#8220;los balines&#8221; han organizado en Jara\u00edz de la Vera una quedada motera. La quedada ser\u00e1 por la tarde, con posterior ruta por unas carreteras sorprendentes y fiesta nocturna. El punto de encuentro ser\u00e1 en la Plaza de Santa Ana de Jara\u00edz de la Vera (C\u00e1ceres), [&hellip;]<!-- AddThis Advanced Settings generic via filter on get_the_excerpt --><!-- AddThis Share Buttons generic via filter on get_the_excerpt --><\/p>\n","protected":false},"author":49,"featured_media":0,"comment_status":"open","ping_status":"closed","sticky":false,"template":"","format":"standard","meta":[],"categories":[5,13],"tags":[69,575,622,624,639,821],"_links":{"self":[{"href":"https:\/\/blogs.hoy.es\/moterosdehoy\/wp-json\/wp\/v2\/posts\/1088"}],"collection":[{"href":"https:\/\/blogs.hoy.es\/moterosdehoy\/wp-json\/wp\/v2\/posts"}],"about":[{"href":"https:\/\/blogs.hoy.es\/moterosdehoy\/wp-json\/wp\/v2\/types\/post"}],"author":[{"embeddable":true,"href":"https:\/\/blogs.hoy.es\/moterosdehoy\/wp-json\/wp\/v2\/users\/49"}],"replies":[{"embeddable":true,"href":"https:\/\/blogs.hoy.es\/moterosdehoy\/wp-json\/wp\/v2\/comments?post=1088"}],"version-history":[{"count":0,"href":"https:\/\/blogs.hoy.es\/moterosdehoy\/wp-json\/wp\/v2\/posts\/1088\/revisions"}],"wp:attachment":[{"href":"https:\/\/blogs.hoy.es\/moterosdehoy\/wp-json\/wp\/v2\/media?parent=1088"}],"wp:term":[{"taxonomy":"category","embeddable":true,"href":"https:\/\/blogs.hoy.es\/moterosdehoy\/wp-json\/wp\/v2\/categories?post=1088"},{"taxonomy":"post_tag","embeddable":true,"href":"https:\/\/blogs.hoy.es\/moterosdehoy\/wp-json\/wp\/v2\/tags?post=1088"}],"curies":[{"name":"wp","href":"https:\/\/api.w.org\/{rel}","templated":true}]}}