{"id":109,"date":"2012-06-14T18:34:16","date_gmt":"2012-06-14T18:34:16","guid":{"rendered":"http:\/\/blogs.hoy.es\/moterosdehoy\/?p=109"},"modified":"2012-06-14T18:34:16","modified_gmt":"2012-06-14T18:34:16","slug":"21%c2%ba-edicion-del-european-harley-owners-group-rally-en-cascais-portugal","status":"publish","type":"post","link":"https:\/\/blogs.hoy.es\/moterosdehoy\/2012\/06\/14\/21%c2%ba-edicion-del-european-harley-owners-group-rally-en-cascais-portugal\/","title":{"rendered":"21\u00ba Edici\u00f3n del European Harley Owners Group Rally en Cascais (Portugal)"},"content":{"rendered":"<p style=\"text-align: justify;\">Durante \u00e9ste fin de semana vamos a tener Extremadura rodeado de Harleys, dado que en la<strong>\u00a0Villa de Cascais se reunir\u00e1n, del 14 al 17 de junio, m\u00e1s de 25.000 moteros para participar en el 21\u00ba HOG European Rally.<\/strong><\/p>\n<p style=\"text-align: justify;\"><strong>Un evento abierto a todos los p\u00fablicos <\/strong>que quieran vivir una aut\u00e9ntica experiencia Harley Davidson.<a href=\"\/moterosdehoy\/wp-content\/uploads\/sites\/45\/2012\/06\/concentracion_harley.jpg\"><img loading=\"lazy\" class=\"alignright size-medium wp-image-110\" title=\"concentracion_harley\" src=\"\/moterosdehoy\/wp-content\/uploads\/sites\/45\/2012\/06\/concentracion_harley.jpg\" alt=\"\" width=\"300\" height=\"199\" srcset=\"https:\/\/static-blogs.hoy.es\/wp-content\/uploads\/sites\/45\/2012\/06\/concentracion_harley.jpg 668w, https:\/\/static-blogs.hoy.es\/wp-content\/uploads\/sites\/45\/2012\/06\/concentracion_harley-300x200.jpg 300w\" sizes=\"(max-width: 300px) 100vw, 300px\" \/><\/a><\/p>\n<p style=\"text-align: justify;\">El Harley Owners Grupo, organizaci\u00f3n que naci\u00f3 en 1983 y que cuenta con m\u00e1s de un mill\u00f3n de socios de 120 pa\u00edses, se re\u00fane del 14 al 17 de junio en Cascais (Portugal) en la concentraci\u00f3n europea de Harley Davidson. La asociaci\u00f3n prev\u00e9 que aparquen unas 12.000 de estas leyendas sobre dos ruedas y acudan m\u00e1s de 25.000 moteros de todo el continente.<\/p>\n<p style=\"text-align: justify;\">Durante cuatro d\u00edas, el ambiente americano se respirar\u00e1 en la Costa de Estoril que ha organizado un amplio programa de actividades y aprovechar\u00e1 para presentar los \u00faltimos modelos de la marca. Pero tambi\u00e9n se realizar\u00e1n paseos de demostraci\u00f3n y, por primera vez en Portugal, se instalar\u00e1 el Jump Start de Harley Davidson, un simulador real. La \u00faltima jornada se celebrar\u00e1 el tradicional desfile de banderas que recorrer\u00e1 los lugares m\u00e1s emblem\u00e1ticos de la Costa de Estoril.<\/p>\n<p><iframe loading=\"lazy\" src=\"\/\/www.youtube.com\/embed\/46pLVMWHWxA\" frameborder=\"0\" width=\"640\" height=\"360\"><\/iframe><\/p>\n<p style=\"text-align: justify;\">El encuentro se desarrollar\u00e1 entre el centro hist\u00f3rico y la marina de Cascais, \u00a0conocida como \u2018tierra de reyes y pescadores\u2019, la hist\u00f3rica ciudad de Cascais adquiri\u00f3 fama a principios del siglo pasado como lugar frecuentado por la realeza. En la actualidad es m\u00e1s probable encontrarse a los cosmopolitas habitantes de Lisboa que huyen de la ciudad, aunque en junio la realeza volver\u00e1 a hacer acto de presencia con la llegada triunfal de las Road King.<\/p>\n<p style=\"text-align: justify;\">Cascais es una hermosa ciudad costera situada a 30 kil\u00f3metros al oeste de Lisboa. Rodeada de ondulantes monta\u00f1as y hermosos paisajes, la ciudad es un laberinto de calles empedradas que descienden hacia el puerto y la playa. Y es aqu\u00ed donde el evento de este a\u00f1o cobrar\u00e1 vida, cuando Harley-Davidson haga notar su presencia con m\u00fasica en directo en dos escenarios, bares de hospitalidad, pruebas de conducci\u00f3n y un recinto para los concesionarios Harley.<\/p>\n<p style=\"text-align: justify;\"><strong>El d\u00eda clave del encuentro se vivir\u00e1 el domingo 17 de junio con el tradicional desfile de banderas<\/strong> que mostrar\u00e1 la aut\u00e9ntica esencia de Harley Davidson. La ruta tendr\u00e1 un recorrido de 32 kil\u00f3metros y partir\u00e1 desde el Aut\u00f3dromo de Estoril y circular\u00e1 por la Laguna Azul, Malveira da Serra, Muro y Carcavelos, antes de circular por la Marginal hacia Cascais, punto y final de esta Harley Davidson Parade abierta a todas las marcas.<\/p>\n<p>El 21 HOG European Rally conmemora, as\u00ed, los <strong>109 a\u00f1os de Harley Davidson<\/strong>, marca que naci\u00f3 en Milwakee por William Harley y Arthur Davidson cuando crearon un prototipo de bicicleta con motor. Fue el inicio de esta leyenda. Una moto deseada por muchos que inspira el aut\u00e9ntico \u2018way of life\u2019 americano.<\/p>\n<p><strong>\u00a0 \u00a0Saludos y r\u00e1fagas.<\/strong><\/p>\n<!-- AddThis Advanced Settings generic via filter on the_content --><!-- AddThis Share Buttons generic via filter on the_content -->","protected":false},"excerpt":{"rendered":"<p>Durante \u00e9ste fin de semana vamos a tener Extremadura rodeado de Harleys, dado que en la\u00a0Villa de Cascais se reunir\u00e1n, del 14 al 17 de junio, m\u00e1s de 25.000 moteros para participar en el 21\u00ba HOG European Rally. Un evento abierto a todos los p\u00fablicos que quieran vivir una aut\u00e9ntica experiencia Harley Davidson. El Harley [&hellip;]<!-- AddThis Advanced Settings generic via filter on get_the_excerpt --><!-- AddThis Share Buttons generic via filter on get_the_excerpt --><\/p>\n","protected":false},"author":49,"featured_media":0,"comment_status":"open","ping_status":"closed","sticky":false,"template":"","format":"standard","meta":[],"categories":[13],"tags":[146,258,271,622,639],"_links":{"self":[{"href":"https:\/\/blogs.hoy.es\/moterosdehoy\/wp-json\/wp\/v2\/posts\/109"}],"collection":[{"href":"https:\/\/blogs.hoy.es\/moterosdehoy\/wp-json\/wp\/v2\/posts"}],"about":[{"href":"https:\/\/blogs.hoy.es\/moterosdehoy\/wp-json\/wp\/v2\/types\/post"}],"author":[{"embeddable":true,"href":"https:\/\/blogs.hoy.es\/moterosdehoy\/wp-json\/wp\/v2\/users\/49"}],"replies":[{"embeddable":true,"href":"https:\/\/blogs.hoy.es\/moterosdehoy\/wp-json\/wp\/v2\/comments?post=109"}],"version-history":[{"count":0,"href":"https:\/\/blogs.hoy.es\/moterosdehoy\/wp-json\/wp\/v2\/posts\/109\/revisions"}],"wp:attachment":[{"href":"https:\/\/blogs.hoy.es\/moterosdehoy\/wp-json\/wp\/v2\/media?parent=109"}],"wp:term":[{"taxonomy":"category","embeddable":true,"href":"https:\/\/blogs.hoy.es\/moterosdehoy\/wp-json\/wp\/v2\/categories?post=109"},{"taxonomy":"post_tag","embeddable":true,"href":"https:\/\/blogs.hoy.es\/moterosdehoy\/wp-json\/wp\/v2\/tags?post=109"}],"curies":[{"name":"wp","href":"https:\/\/api.w.org\/{rel}","templated":true}]}}