{"id":1091,"date":"2014-06-03T22:05:27","date_gmt":"2014-06-03T22:05:27","guid":{"rendered":"http:\/\/blogs.hoy.es\/moterosdehoy\/?p=1091"},"modified":"2014-06-03T22:05:27","modified_gmt":"2014-06-03T22:05:27","slug":"vi-concentracion-moteros-almaraz","status":"publish","type":"post","link":"https:\/\/blogs.hoy.es\/moterosdehoy\/2014\/06\/03\/vi-concentracion-moteros-almaraz\/","title":{"rendered":"VI Concentraci\u00f3n moteros Almaraz"},"content":{"rendered":"<p style=\"text-align: left;\"><a href=\"\/moterosdehoy\/wp-content\/uploads\/sites\/45\/2014\/06\/Almaraz-2014.jpg\"><img loading=\"lazy\" class=\"aligncenter  wp-image-1092\" title=\"Almaraz 2014\" src=\"\/moterosdehoy\/wp-content\/uploads\/sites\/45\/2014\/06\/Almaraz-2014.jpg\" alt=\"\" width=\"513\" height=\"720\" srcset=\"https:\/\/static-blogs.hoy.es\/wp-content\/uploads\/sites\/45\/2014\/06\/Almaraz-2014.jpg 513w, https:\/\/static-blogs.hoy.es\/wp-content\/uploads\/sites\/45\/2014\/06\/Almaraz-2014-214x300.jpg 214w\" sizes=\"(max-width: 513px) 100vw, 513px\" \/><\/a>Por sexta edici\u00f3n consecutiva llega la concentraci\u00f3n motera en la localidad de <a title=\"Almar\u00e1z en wikipedia\" href=\"http:\/\/es.wikipedia.org\/wiki\/Almaraz\" target=\"_blank\" rel=\"external nofollow\">Almaraz<\/a> (C\u00e1ceres).<\/p>\n<p style=\"text-align: left;\">\u00a0 La concentraci\u00f3n tendr\u00e1 lugar los d\u00edas <strong>20, 21 y 22 de junio<\/strong>, bajo el nombre de<strong> VI Concentraci\u00f3n de Moto-Tursimo \u201cMoteros de Almaraz\u201d<\/strong>.\u00a0 C\u00f3mo no, de nuevo ser\u00e1 en su localidad para ofrecernos un fin de semana de lo m\u00e1s completo, con espect\u00e1culos, mucha fiesta, y sobre todo muchas motos.<\/p>\n<p style=\"text-align: left;\">Aprovechando que Almaraz se encuentra en la <strong>A-V<\/strong>, y a medio camino entre Madrid y Badajoz, en esta concentraci\u00f3n se re\u00fanen moteros de muchos puntos del pa\u00eds, no solo cacere\u00f1os.\u00a0<!--more--><\/p>\n<p style=\"text-align: left;\">El evento comenzar\u00e1 con la apertura de inscripciones a las 17:00h del <strong>viernes d\u00eda 20<\/strong>, con un precio de 30\u20ac para disfrutar del todo el fin de semana, incluyendo el concierto en la noche del viernes del grupo <strong>TENNESSEE<\/strong>.<\/p>\n<p style=\"text-align: left;\">Durante el s\u00e1bado habr\u00e1 ruta, exhibiciones, ruta de antorchas, mon\u00f3logos, discoteca con DJ GUS y rifa de una moto, para tener todo un s\u00e1bado bien completo.<\/p>\n<p style=\"text-align: left;\">Para el domingo habr\u00e1 una ruta tur\u00edstica, juegos moteros, y por supuesto tras la comida, habr\u00e1 sorteos y regalos. Si quieres ver la programaci\u00f3n completa con los horarios puedes descargar el cartel haciendo clic sobre \u00e9l.<\/p>\n<p style=\"text-align: left;\">En el cartel tambi\u00e9n tienes disponibles tel\u00e9fonos y otros medios de contacto por si quieres preguntar algo a los organizadores.<\/p>\n<p>Saludos y r\u00e1fagas.<\/p>\n<!-- AddThis Advanced Settings generic via filter on the_content --><!-- AddThis Share Buttons generic via filter on the_content -->","protected":false},"excerpt":{"rendered":"<p>Por sexta edici\u00f3n consecutiva llega la concentraci\u00f3n motera en la localidad de Almaraz (C\u00e1ceres). \u00a0 La concentraci\u00f3n tendr\u00e1 lugar los d\u00edas 20, 21 y 22 de junio, bajo el nombre de VI Concentraci\u00f3n de Moto-Tursimo \u201cMoteros de Almaraz\u201d.\u00a0 C\u00f3mo no, de nuevo ser\u00e1 en su localidad para ofrecernos un fin de semana de lo m\u00e1s [&hellip;]<!-- AddThis Advanced Settings generic via filter on get_the_excerpt --><!-- AddThis Share Buttons generic via filter on get_the_excerpt --><\/p>\n","protected":false},"author":49,"featured_media":0,"comment_status":"open","ping_status":"closed","sticky":false,"template":"","format":"standard","meta":[],"categories":[5,13],"tags":[69,613,622,624,629,639,670,995],"_links":{"self":[{"href":"https:\/\/blogs.hoy.es\/moterosdehoy\/wp-json\/wp\/v2\/posts\/1091"}],"collection":[{"href":"https:\/\/blogs.hoy.es\/moterosdehoy\/wp-json\/wp\/v2\/posts"}],"about":[{"href":"https:\/\/blogs.hoy.es\/moterosdehoy\/wp-json\/wp\/v2\/types\/post"}],"author":[{"embeddable":true,"href":"https:\/\/blogs.hoy.es\/moterosdehoy\/wp-json\/wp\/v2\/users\/49"}],"replies":[{"embeddable":true,"href":"https:\/\/blogs.hoy.es\/moterosdehoy\/wp-json\/wp\/v2\/comments?post=1091"}],"version-history":[{"count":0,"href":"https:\/\/blogs.hoy.es\/moterosdehoy\/wp-json\/wp\/v2\/posts\/1091\/revisions"}],"wp:attachment":[{"href":"https:\/\/blogs.hoy.es\/moterosdehoy\/wp-json\/wp\/v2\/media?parent=1091"}],"wp:term":[{"taxonomy":"category","embeddable":true,"href":"https:\/\/blogs.hoy.es\/moterosdehoy\/wp-json\/wp\/v2\/categories?post=1091"},{"taxonomy":"post_tag","embeddable":true,"href":"https:\/\/blogs.hoy.es\/moterosdehoy\/wp-json\/wp\/v2\/tags?post=1091"}],"curies":[{"name":"wp","href":"https:\/\/api.w.org\/{rel}","templated":true}]}}