{"id":1098,"date":"2014-06-08T17:40:59","date_gmt":"2014-06-08T17:40:59","guid":{"rendered":"http:\/\/blogs.hoy.es\/moterosdehoy\/?p=1098"},"modified":"2014-06-08T17:40:59","modified_gmt":"2014-06-08T17:40:59","slug":"motocross-en-badajoz","status":"publish","type":"post","link":"https:\/\/blogs.hoy.es\/moterosdehoy\/2014\/06\/08\/motocross-en-badajoz\/","title":{"rendered":"Motocross en Badajoz"},"content":{"rendered":"<p>En <a title=\"Turismo en Badajoz\" href=\"http:\/\/www.turismobadajoz.es\/\" rel=\"external nofollow\">Badajoz<\/a> \u00faltimamente se van realizando muchos actos moteros, atrayendo tanto aficionados como curiosos, lo que repercute tanto en tener actividades para sus ciudadanos, como en el impulso econ\u00f3mico que puede generar cualquier actividad.<\/p>\n<p><a href=\"\/moterosdehoy\/wp-content\/uploads\/sites\/45\/2014\/06\/Motocross.jpg\"><img loading=\"lazy\" class=\"alignleft size-medium wp-image-1099\" title=\"Motocross\" src=\"\/moterosdehoy\/wp-content\/uploads\/sites\/45\/2014\/06\/Motocross.jpg\" alt=\"\" width=\"211\" height=\"300\" srcset=\"https:\/\/static-blogs.hoy.es\/wp-content\/uploads\/sites\/45\/2014\/06\/Motocross.jpg 565w, https:\/\/static-blogs.hoy.es\/wp-content\/uploads\/sites\/45\/2014\/06\/Motocross-212x300.jpg 212w\" sizes=\"(max-width: 211px) 100vw, 211px\" \/><\/a>\u00a0 En \u00e9sta ocasi\u00f3n el grupo Eventos Extrem ha organizado un <strong>Campeonato Extreme\u00f1o de Motocross<\/strong>. Tendr\u00e1 lugar el <strong>domingo d\u00eda 15 de junio<\/strong> 2014, en el Circuito Municipal de Badajoz, sito en G\u00e9vora.<\/p>\n<p>Dentro del campeonato habr\u00e1n diferentes categor\u00edas, entre ellas, MX1, MX2, juvenil\/cadete, alev\u00edn, autom\u00e1ticas y copa aficionados. <!--more-->\u00c9sta \u00faltima es para no federados, pudiendo inscribirte a trav\u00e9s de la p\u00e1gina de <a title=\"Web de fexmoto\" href=\"http:\/\/www.fexmoto.com\/web\/default.asp\" rel=\"external nofollow\">fexmoto<\/a>, con un coste dependiendo de la edad del participante y de si tienes o no seguro.<\/p>\n<p>Dentro del circuito habr\u00e1 barra y m\u00fasica, para que todos los asistentes podamos disfrutar del d\u00eda.<\/p>\n<p>Comenzar\u00e1 a las 09:30h teniendo previsto que se alargue hasta las 14:00h, con un precio de <strong>3\u20ac para adultos y gratuito para menores de 10 a\u00f1os<\/strong>, lo que de seguro facilitar\u00e1 que se acerquen muchos curiosos.<\/p>\n<p>Saludos y r\u00e1fagas.<\/p>\n<!-- AddThis Advanced Settings generic via filter on the_content --><!-- AddThis Share Buttons generic via filter on the_content -->","protected":false},"excerpt":{"rendered":"<p>En Badajoz \u00faltimamente se van realizando muchos actos moteros, atrayendo tanto aficionados como curiosos, lo que repercute tanto en tener actividades para sus ciudadanos, como en el impulso econ\u00f3mico que puede generar cualquier actividad. \u00a0 En \u00e9sta ocasi\u00f3n el grupo Eventos Extrem ha organizado un Campeonato Extreme\u00f1o de Motocross. Tendr\u00e1 lugar el domingo d\u00eda 15 [&hellip;]<!-- AddThis Advanced Settings generic via filter on get_the_excerpt --><!-- AddThis Share Buttons generic via filter on get_the_excerpt --><\/p>\n","protected":false},"author":49,"featured_media":0,"comment_status":"open","ping_status":"closed","sticky":false,"template":"","format":"standard","meta":[],"categories":[13],"tags":[136,169,404,613,622,624,629,658],"_links":{"self":[{"href":"https:\/\/blogs.hoy.es\/moterosdehoy\/wp-json\/wp\/v2\/posts\/1098"}],"collection":[{"href":"https:\/\/blogs.hoy.es\/moterosdehoy\/wp-json\/wp\/v2\/posts"}],"about":[{"href":"https:\/\/blogs.hoy.es\/moterosdehoy\/wp-json\/wp\/v2\/types\/post"}],"author":[{"embeddable":true,"href":"https:\/\/blogs.hoy.es\/moterosdehoy\/wp-json\/wp\/v2\/users\/49"}],"replies":[{"embeddable":true,"href":"https:\/\/blogs.hoy.es\/moterosdehoy\/wp-json\/wp\/v2\/comments?post=1098"}],"version-history":[{"count":0,"href":"https:\/\/blogs.hoy.es\/moterosdehoy\/wp-json\/wp\/v2\/posts\/1098\/revisions"}],"wp:attachment":[{"href":"https:\/\/blogs.hoy.es\/moterosdehoy\/wp-json\/wp\/v2\/media?parent=1098"}],"wp:term":[{"taxonomy":"category","embeddable":true,"href":"https:\/\/blogs.hoy.es\/moterosdehoy\/wp-json\/wp\/v2\/categories?post=1098"},{"taxonomy":"post_tag","embeddable":true,"href":"https:\/\/blogs.hoy.es\/moterosdehoy\/wp-json\/wp\/v2\/tags?post=1098"}],"curies":[{"name":"wp","href":"https:\/\/api.w.org\/{rel}","templated":true}]}}