{"id":1101,"date":"2014-06-13T16:36:13","date_gmt":"2014-06-13T16:36:13","guid":{"rendered":"http:\/\/blogs.hoy.es\/moterosdehoy\/?p=1101"},"modified":"2014-06-13T16:36:13","modified_gmt":"2014-06-13T16:36:13","slug":"fin-de-semana-del-13-al-15-de-junio","status":"publish","type":"post","link":"https:\/\/blogs.hoy.es\/moterosdehoy\/2014\/06\/13\/fin-de-semana-del-13-al-15-de-junio\/","title":{"rendered":"Quedadas moteras para este fin de semana (13-15 de junio)"},"content":{"rendered":"<p>No tengo por costumbre hacer un peque\u00f1o resumen de las concentraciones moteras del fin de semana, y menos estando ya inmerso en \u00e9l, pero este fin de semana es algo at\u00edpico por la cantidad de citas, aunque con la llegada del buen tiemp, la situaci\u00f3n o se repetir\u00e1 en muchas ocasiones, e incluso con m\u00e1s eventos a la vez.<\/p>\n<p><a href=\"\/moterosdehoy\/wp-content\/uploads\/sites\/45\/2014\/06\/Lady-Biker.jpg\"><img loading=\"lazy\" class=\"alignleft size-medium wp-image-1102\" title=\"Lady Biker\" src=\"\/moterosdehoy\/wp-content\/uploads\/sites\/45\/2014\/06\/Lady-Biker.jpg\" alt=\"\" width=\"212\" height=\"300\" srcset=\"https:\/\/static-blogs.hoy.es\/wp-content\/uploads\/sites\/45\/2014\/06\/Lady-Biker.jpg 400w, https:\/\/static-blogs.hoy.es\/wp-content\/uploads\/sites\/45\/2014\/06\/Lady-Biker-212x300.jpg 212w\" sizes=\"(max-width: 212px) 100vw, 212px\" \/><\/a>Durante este fin de semana tenemos cuatro eventos en la provincia de Badajoz. De la provincia de C\u00e1ceres no tengo noticia directa de ninguna, as\u00ed que no tienen excusa para que veamos a los compa\u00f1eros moteros cacere\u00f1os por Badajoz.<\/p>\n<p>Para <strong>ver m\u00e1s<\/strong> sobre cualquiera de ellas haz clic sobre el enlace.<\/p>\n<h2>EVENTOS:<\/h2>\n<p>D\u00edas 14 y 15 &#8211; <a title=\"Kedada motera San Pedro de M\u00e9rida\" href=\"https:\/\/blogs.hoy.es\/moterosdehoy\/2014\/06\/05\/kedada-en-san-pedro-de-merida\/\" target=\"_blank\">Kedada motera en San Pedro de M\u00e9rida<\/a><\/p>\n<p>D\u00eda 15 &#8211; <a title=\"V Convivencia motera en Alvarado\" href=\"https:\/\/blogs.hoy.es\/moterosdehoy\/2014\/05\/29\/5a-convivencia-motera-en-alvarado\/\" target=\"_blank\">5\u00aa Convivencia motera en Alvarado<\/a>\u00a0&#8211; <span style=\"text-decoration: underline;\"><span style=\"color: #ff0000;\"><strong>Recomendada<\/strong><\/span><\/span><\/p>\n<p>D\u00eda 15 &#8211; <a title=\"Motocross en Badajoz\" href=\"https:\/\/blogs.hoy.es\/moterosdehoy\/2014\/06\/08\/motocross-en-badajoz\/\" target=\"_blank\">Motocross en Badajoz<\/a><\/p>\n<p>D\u00eda 15 &#8211; Kedada motera de la pe\u00f1a Caballeros Templarios en Almendralejo &#8211; Sin m\u00e1s datos.<\/p>\n<p>Saludos y r\u00e1fagas.<\/p>\n<p>&nbsp;<\/p>\n<p>&nbsp;<\/p>\n<p>&nbsp;<\/p>\n<p>&nbsp;<\/p>\n<p>&nbsp;<\/p>\n<!-- AddThis Advanced Settings generic via filter on the_content --><!-- AddThis Share Buttons generic via filter on the_content -->","protected":false},"excerpt":{"rendered":"<p>No tengo por costumbre hacer un peque\u00f1o resumen de las concentraciones moteras del fin de semana, y menos estando ya inmerso en \u00e9l, pero este fin de semana es algo at\u00edpico por la cantidad de citas, aunque con la llegada del buen tiemp, la situaci\u00f3n o se repetir\u00e1 en muchas ocasiones, e incluso con m\u00e1s [&hellip;]<!-- AddThis Advanced Settings generic via filter on get_the_excerpt --><!-- AddThis Share Buttons generic via filter on get_the_excerpt --><\/p>\n","protected":false},"author":49,"featured_media":0,"comment_status":"open","ping_status":"closed","sticky":false,"template":"","format":"standard","meta":[],"categories":[13],"tags":[613,622,624,641,665],"_links":{"self":[{"href":"https:\/\/blogs.hoy.es\/moterosdehoy\/wp-json\/wp\/v2\/posts\/1101"}],"collection":[{"href":"https:\/\/blogs.hoy.es\/moterosdehoy\/wp-json\/wp\/v2\/posts"}],"about":[{"href":"https:\/\/blogs.hoy.es\/moterosdehoy\/wp-json\/wp\/v2\/types\/post"}],"author":[{"embeddable":true,"href":"https:\/\/blogs.hoy.es\/moterosdehoy\/wp-json\/wp\/v2\/users\/49"}],"replies":[{"embeddable":true,"href":"https:\/\/blogs.hoy.es\/moterosdehoy\/wp-json\/wp\/v2\/comments?post=1101"}],"version-history":[{"count":0,"href":"https:\/\/blogs.hoy.es\/moterosdehoy\/wp-json\/wp\/v2\/posts\/1101\/revisions"}],"wp:attachment":[{"href":"https:\/\/blogs.hoy.es\/moterosdehoy\/wp-json\/wp\/v2\/media?parent=1101"}],"wp:term":[{"taxonomy":"category","embeddable":true,"href":"https:\/\/blogs.hoy.es\/moterosdehoy\/wp-json\/wp\/v2\/categories?post=1101"},{"taxonomy":"post_tag","embeddable":true,"href":"https:\/\/blogs.hoy.es\/moterosdehoy\/wp-json\/wp\/v2\/tags?post=1101"}],"curies":[{"name":"wp","href":"https:\/\/api.w.org\/{rel}","templated":true}]}}