{"id":113,"date":"2012-06-15T19:46:03","date_gmt":"2012-06-15T19:46:03","guid":{"rendered":"http:\/\/blogs.hoy.es\/moterosdehoy\/?p=113"},"modified":"2012-06-15T19:46:03","modified_gmt":"2012-06-15T19:46:03","slug":"reunion-motera-en-villafranco-del-guadiana-17-de-junio","status":"publish","type":"post","link":"https:\/\/blogs.hoy.es\/moterosdehoy\/2012\/06\/15\/reunion-motera-en-villafranco-del-guadiana-17-de-junio\/","title":{"rendered":"Reuni\u00f3n motera en Villafranco del Guadiana &#8211; 17 de junio"},"content":{"rendered":"<p style=\"text-align: justify;\">No todo van a a ser mega concentraciones de varios d\u00edas, con miles de motos y a largas distancias, tambi\u00e9n hay que pensar en los que no disponemos de medios para esas mega concentraciones que a tod@s nos gustan, y por eso en Villafranco del Guadiana de la mano de la <strong><a href=\"http:\/\/www.motoclubmilkilometros.com\/\" target=\"_blank\" rel=\"external nofollow\">pe\u00f1a motera &#8220;Ibn Marwan&#8221;<\/a><\/strong> el d\u00eda <strong>17 de junio de 2012<\/strong>, se realizar\u00e1 la primera reuni\u00f3n motera.\u00a0<a href=\"\/moterosdehoy\/wp-content\/uploads\/sites\/45\/2012\/06\/2012-06-17-Villafranco-del-Guadiana.jpg\"><img loading=\"lazy\" class=\"alignright size-medium wp-image-114\" title=\"2012-06-17 Villafranco del Guadiana\" src=\"\/moterosdehoy\/wp-content\/uploads\/sites\/45\/2012\/06\/2012-06-17-Villafranco-del-Guadiana.jpg\" alt=\"\" width=\"199\" height=\"300\" srcset=\"https:\/\/static-blogs.hoy.es\/wp-content\/uploads\/sites\/45\/2012\/06\/2012-06-17-Villafranco-del-Guadiana.jpg 944w, https:\/\/static-blogs.hoy.es\/wp-content\/uploads\/sites\/45\/2012\/06\/2012-06-17-Villafranco-del-Guadiana-199x300.jpg 199w, https:\/\/static-blogs.hoy.es\/wp-content\/uploads\/sites\/45\/2012\/06\/2012-06-17-Villafranco-del-Guadiana-768x1156.jpg 768w, https:\/\/static-blogs.hoy.es\/wp-content\/uploads\/sites\/45\/2012\/06\/2012-06-17-Villafranco-del-Guadiana-680x1024.jpg 680w\" sizes=\"(max-width: 199px) 100vw, 199px\" \/><\/a><\/p>\n<p style=\"text-align: justify;\">Para ello nos ponen como lugar de encuentro la Plaza de Villafranco, en concreto el Bar Zamora, para que no se aburra nadie de esperar, en concreto \u00e9sto es lo que han organizado:<\/p>\n<p style=\"text-align: justify;\"><strong>09:30 a 10:15 reunion y desayuno<\/strong> en el Bar Zamora (plaza de Villafranco)<\/p>\n<p style=\"text-align: justify;\"><strong><a href=\"\/moterosdehoy\/wp-content\/uploads\/sites\/45\/2012\/06\/1706201210541.jpg\"><img loading=\"lazy\" class=\"alignleft size-thumbnail wp-image-123\" title=\"170620121054\" src=\"\/moterosdehoy\/wp-content\/uploads\/sites\/45\/2012\/06\/1706201210541.jpg\" alt=\"\" width=\"150\" height=\"150\" \/><\/a>\u00a010:15 a 13:00 ruta<\/strong> (pincha sobre la imagen y la ver\u00e1s ampliada), si quieres ver un video en youtube de la ruta\u00a0<a href=\"http:\/\/youtu.be\/nAC1UMnDrqc\" target=\"_blank\" rel=\"external nofollow\">pincha aqu\u00ed<\/a>\u00a0y la salida de Salvatierra de los barros <a href=\"http:\/\/www.youtube.com\/watch?v=8ZqD0er_sQE&#038;feature=related\" target=\"_blank\" rel=\"external nofollow\">aqu\u00ed<\/a>.<\/p>\n<p style=\"text-align: justify;\"><strong>\u00a013:00 a 13:30<\/strong> llegada otra vez al centro para tomar algo, que seguro que ya habr\u00e1 hambre y sed;\u00a0tambi\u00e9n\u00a0se podr\u00e1 ver el Gran Premio de Silverstone y pasar un buen dia de motos, para los mas tardones <strong>karaoke<\/strong> a partir de las <strong>18:00<\/strong> (aprox)<\/p>\n<p style=\"text-align: justify;\">La inscripcion sera de<strong> 6 euros + 1 euro<\/strong> (integro para una familia de Zahinos que intentan ayudar por tener una hija enferma) e incluira:<\/p>\n<p>Desayuno (cafe o zumo y bolleria)<br \/>\n3 tickets de cerveza o refresco<br \/>\n1 montadito de panceta<br \/>\n1 montadito de chorizo<br \/>\n1 dulcito de postre<\/p>\n<p style=\"text-align: justify;\">Ademas se realizar\u00e1 el sorteo de una paleta y un queso.<\/p>\n<p style=\"text-align: justify;\">Una vez pasada la concentraci\u00f3n hay que decir que fue una pena que coincidiera con otras cercanas como el caso de San Pedro de M\u00e9rida, la cual no le afect\u00f3 mucho pero s\u00ed la que hubo en Alvarado, donde el personal se decant\u00f3 por asistir y hubo m\u00e1s de 200 inscritos, en el caso de la de Villafranco hay que decir que son una pe\u00f1a muy simp\u00e1tica y se dieron cuenta tarde de que coincid\u00edan con otra llegamos a ir 30 motos en la ruta, pero a \u00faltima hora todo tiene arreglo. Los de la concentraci\u00f3n motera de Alvarado por la tarde se desplazaron a Villafranco y unieron las dos, por lo que hubo un gran encuentro.<\/p>\n<p style=\"text-align: justify;\">\u00c9sto pone de manifiesto que hay que organizarse de cara a los fines de semana, el pasado fin de semana hubieron cuatro concentraciones en Extremadura, una en C\u00e1ceres (Plasencia) y tres en Badajoz, y \u00e9ste fin de semana no hay ninguna. Es una pena. Pero al menos en \u00e9ste caso entre las pe\u00f1as se han unido demostrando que no existen rencillas y de lo que se trata es de tener un d\u00eda agradable reunido con l@s amig@s que tienen nuestros mismo gustos.<\/p>\n<p style=\"text-align: justify;\"><strong>\u00a0 \u00a0Saludos y r\u00e1fagas.<\/strong><\/p>\n<!-- AddThis Advanced Settings generic via filter on the_content --><!-- AddThis Share Buttons generic via filter on the_content -->","protected":false},"excerpt":{"rendered":"<p>No todo van a a ser mega concentraciones de varios d\u00edas, con miles de motos y a largas distancias, tambi\u00e9n hay que pensar en los que no disponemos de medios para esas mega concentraciones que a tod@s nos gustan, y por eso en Villafranco del Guadiana de la mano de la pe\u00f1a motera &#8220;Ibn Marwan&#8221; [&hellip;]<!-- AddThis Advanced Settings generic via filter on get_the_excerpt --><!-- AddThis Share Buttons generic via filter on get_the_excerpt --><\/p>\n","protected":false},"author":49,"featured_media":0,"comment_status":"open","ping_status":"closed","sticky":false,"template":"","format":"standard","meta":[],"categories":[13],"tags":[258,271,622,639,1013],"_links":{"self":[{"href":"https:\/\/blogs.hoy.es\/moterosdehoy\/wp-json\/wp\/v2\/posts\/113"}],"collection":[{"href":"https:\/\/blogs.hoy.es\/moterosdehoy\/wp-json\/wp\/v2\/posts"}],"about":[{"href":"https:\/\/blogs.hoy.es\/moterosdehoy\/wp-json\/wp\/v2\/types\/post"}],"author":[{"embeddable":true,"href":"https:\/\/blogs.hoy.es\/moterosdehoy\/wp-json\/wp\/v2\/users\/49"}],"replies":[{"embeddable":true,"href":"https:\/\/blogs.hoy.es\/moterosdehoy\/wp-json\/wp\/v2\/comments?post=113"}],"version-history":[{"count":0,"href":"https:\/\/blogs.hoy.es\/moterosdehoy\/wp-json\/wp\/v2\/posts\/113\/revisions"}],"wp:attachment":[{"href":"https:\/\/blogs.hoy.es\/moterosdehoy\/wp-json\/wp\/v2\/media?parent=113"}],"wp:term":[{"taxonomy":"category","embeddable":true,"href":"https:\/\/blogs.hoy.es\/moterosdehoy\/wp-json\/wp\/v2\/categories?post=113"},{"taxonomy":"post_tag","embeddable":true,"href":"https:\/\/blogs.hoy.es\/moterosdehoy\/wp-json\/wp\/v2\/tags?post=113"}],"curies":[{"name":"wp","href":"https:\/\/api.w.org\/{rel}","templated":true}]}}