{"id":1135,"date":"2014-06-26T17:09:25","date_gmt":"2014-06-26T17:09:25","guid":{"rendered":"http:\/\/blogs.hoy.es\/moterosdehoy\/?p=1135"},"modified":"2014-06-26T17:09:25","modified_gmt":"2014-06-26T17:09:25","slug":"concentracion-motera-en-casar-de-caceres","status":"publish","type":"post","link":"https:\/\/blogs.hoy.es\/moterosdehoy\/2014\/06\/26\/concentracion-motera-en-casar-de-caceres\/","title":{"rendered":"Concentraci\u00f3n motera en Casar de C\u00e1ceres"},"content":{"rendered":"<p>El s\u00e1bado, d\u00eda <strong>28 de junio<\/strong> de 2014 tendr\u00e1 lugar en el <a title=\"Casar de C\u00e1ceres en wikipedia\" href=\"http:\/\/es.wikipedia.org\/wiki\/Casar_de_C%C3%A1ceres\" target=\"_blank\" rel=\"external nofollow\">Casar de C\u00e1ceres<\/a> un nuevo evento motero, digo nuevo pues a lo largo de \u00e9ste a\u00f1o ya han habido varios, pero en \u00e9ste caso se denomina &#8220;I Concentraci\u00f3n motera Casar de C\u00e1ceres&#8221; Curvas del Tajo.<\/p>\n<div id=\"attachment_1136\" style=\"width: 222px\" class=\"wp-caption alignleft\"><a href=\"\/moterosdehoy\/wp-content\/uploads\/sites\/45\/2014\/06\/Casar-de-C\u00e1ceres.jpg\"><img aria-describedby=\"caption-attachment-1136\" loading=\"lazy\" class=\"size-medium wp-image-1136\" title=\"Casar de C\u00e1ceres\" src=\"\/moterosdehoy\/wp-content\/uploads\/sites\/45\/2014\/06\/Casar-de-C\u00e1ceres.jpg\" alt=\"\" width=\"212\" height=\"300\" srcset=\"https:\/\/static-blogs.hoy.es\/wp-content\/uploads\/sites\/45\/2014\/06\/Casar-de-C\u00e1ceres.jpg 679w, https:\/\/static-blogs.hoy.es\/wp-content\/uploads\/sites\/45\/2014\/06\/Casar-de-C\u00e1ceres-212x300.jpg 212w\" sizes=\"(max-width: 212px) 100vw, 212px\" \/><\/a><p id=\"caption-attachment-1136\" class=\"wp-caption-text\">Cartel del evento<\/p><\/div>\n<p>El evento est\u00e1 organizado por la sala de fiestas &#8220;<a title=\"Sala Ultrella\" href=\"https:\/\/www.facebook.com\/SalaUltrella?fref=ts\" target=\"_blank\" rel=\"external nofollow\">Ultrella<\/a>&#8221; del Casar de C\u00e1ceres, junto a una tienda de accesorios moteros &#8220;Padock Pica Factory&#8221;, teniendo una ruta entre el Casar de C\u00e1ceres y Ca\u00f1averal, para disfrutar de las curvas del Tajo.<\/p>\n<p>Han establecido una\u00a0INSCRIPCI\u00d3N de 12\u20ac, con lo que tendr\u00e1s acceso a Paella gigante, aperitivo, ruta motera, sorteos, concursos, disco m\u00f3vil y Terraza Chill Out.<\/p>\n<p>El Casar de C\u00e1ceres\u00a0es un municipio con casi 5.000 habitantes, localizado a unos 10 kil\u00f3metros de C\u00e1ceres y en plena <a title=\"V\u00eda de la Plata en wikipedia\" href=\"http:\/\/es.wikipedia.org\/wiki\/V%C3%ADa_de_la_Plata\" target=\"_blank\" rel=\"external nofollow\">V\u00eda de la Plata<\/a>, lo que permitir\u00e1 el buen acceso de muchos moteros.<\/p>\n<p>Est\u00e1 claro que la fiesta est\u00e1 garantizada, ahora s\u00f3lo faltamos los moteros.<\/p>\n<p>Saludos y r\u00e1fagas.<\/p>\n<p>&nbsp;<\/p>\n<!-- AddThis Advanced Settings generic via filter on the_content --><!-- AddThis Share Buttons generic via filter on the_content -->","protected":false},"excerpt":{"rendered":"<p>El s\u00e1bado, d\u00eda 28 de junio de 2014 tendr\u00e1 lugar en el Casar de C\u00e1ceres un nuevo evento motero, digo nuevo pues a lo largo de \u00e9ste a\u00f1o ya han habido varios, pero en \u00e9ste caso se denomina &#8220;I Concentraci\u00f3n motera Casar de C\u00e1ceres&#8221; Curvas del Tajo. El evento est\u00e1 organizado por la sala de [&hellip;]<!-- AddThis Advanced Settings generic via filter on get_the_excerpt --><!-- AddThis Share Buttons generic via filter on get_the_excerpt --><\/p>\n","protected":false},"author":49,"featured_media":0,"comment_status":"open","ping_status":"closed","sticky":false,"template":"","format":"standard","meta":[],"categories":[13],"tags":[145,200,608,622,624,750,884],"_links":{"self":[{"href":"https:\/\/blogs.hoy.es\/moterosdehoy\/wp-json\/wp\/v2\/posts\/1135"}],"collection":[{"href":"https:\/\/blogs.hoy.es\/moterosdehoy\/wp-json\/wp\/v2\/posts"}],"about":[{"href":"https:\/\/blogs.hoy.es\/moterosdehoy\/wp-json\/wp\/v2\/types\/post"}],"author":[{"embeddable":true,"href":"https:\/\/blogs.hoy.es\/moterosdehoy\/wp-json\/wp\/v2\/users\/49"}],"replies":[{"embeddable":true,"href":"https:\/\/blogs.hoy.es\/moterosdehoy\/wp-json\/wp\/v2\/comments?post=1135"}],"version-history":[{"count":0,"href":"https:\/\/blogs.hoy.es\/moterosdehoy\/wp-json\/wp\/v2\/posts\/1135\/revisions"}],"wp:attachment":[{"href":"https:\/\/blogs.hoy.es\/moterosdehoy\/wp-json\/wp\/v2\/media?parent=1135"}],"wp:term":[{"taxonomy":"category","embeddable":true,"href":"https:\/\/blogs.hoy.es\/moterosdehoy\/wp-json\/wp\/v2\/categories?post=1135"},{"taxonomy":"post_tag","embeddable":true,"href":"https:\/\/blogs.hoy.es\/moterosdehoy\/wp-json\/wp\/v2\/tags?post=1135"}],"curies":[{"name":"wp","href":"https:\/\/api.w.org\/{rel}","templated":true}]}}